{"id":895,"date":"2009-08-25T11:50:44","date_gmt":"2009-08-25T10:50:44","guid":{"rendered":"http:\/\/www.rontgen.com\/wp-doctor\/?p=895"},"modified":"2009-08-29T14:15:20","modified_gmt":"2009-08-29T13:15:20","slug":"stralningspolicy","status":"publish","type":"post","link":"https:\/\/www.rontgen.com\/wp-doctor\/stralningspolicy","title":{"rendered":"Str\u00e5lningspolicy"},"content":{"rendered":"<p><a href=\"https:\/\/www.rontgen.com\/wp-doctor\/wp-content\/uploads\/2008\/12\/icon_mini_faq.gif\"><img loading=\"lazy\" decoding=\"async\" class=\"alignleft size-full wp-image-81\" title=\"Fr\u00e5ga\" src=\"https:\/\/www.rontgen.com\/wp-doctor\/wp-content\/uploads\/2008\/12\/icon_mini_faq.gif\" alt=\"Fr\u00e5ga\" width=\"12\" height=\"13\" \/><\/a> Jag undrar vad ni har f\u00f6r policy ang\u00e5ende blyf\u00f6rkl\u00e4de under sl\u00e4tr\u00f6ntgen?<br \/>\nOm ni ska r\u00f6ntga en gravid (v.9) kvinna f\u00f6r att kontrollera l\u00e4get p\u00e5 en nyinlagd CVK, b\u00e4r kvinnan d\u00e5 blyf\u00f6rkl\u00e4de eller inte?<\/p>\n<p><a href=\"https:\/\/www.rontgen.com\/wp-doctor\/wp-content\/uploads\/2008\/12\/icon_mini_register.gif\"><img loading=\"lazy\" decoding=\"async\" class=\"alignleft size-full wp-image-85\" title=\"Svar\" src=\"https:\/\/www.rontgen.com\/wp-doctor\/wp-content\/uploads\/2008\/12\/icon_mini_register.gif\" alt=\"Svar\" width=\"12\" height=\"13\" \/><\/a> Innan vi \u00f6verhuvudtaget r\u00f6ntgar en gravid kvinna ska unders\u00f6kningen vara v\u00e4l motiverad. Att kontrollera l\u00e4get med r\u00f6ntgen p\u00e5 en\u00a0nylagd\u00a0central venkateter (CVK) \u00e4r v\u00e4l motiverat innan denna anv\u00e4nds f\u00f6r medicinskt bruk.<\/p>\n<p>F\u00f6r att kontrollera CVK&#8217;n tar man en enkel frontal\u00a0lungbild. Magen (med fostret)\u00a0kan man skydda med blyf\u00f6rkl\u00e4de d\u00e5 detta inte skymmer bilden av lungorna. Blyf\u00f6rkl\u00e4det skyddar d\u00e5 mot det <em>prim\u00e4ra str\u00e5lf\u00e4ltet<\/em> fr\u00e5n r\u00f6ntgenapparaten. Detta brukar dock inte vara n\u00e5got problem d\u00e5 man &#8221;bl\u00e4ndar in&#8221; str\u00e5lf\u00e4ltet mot patienten s\u00e5 detta ej n\u00e5r ner mot magen. N\u00e4r r\u00f6ntgenstr\u00e5larna sedan passerar kroppen sprids dock en del av\u00a0str\u00e5lningen \u00e5t alla h\u00e5ll innuti kroppen. En liten del av denna spridda str\u00e5lning\u00a0innuti kroppen (<em>sekund\u00e4rstr\u00e5lning<\/em>) g\u00e5r d\u00e5 bl.a. mot fostret trots ev. blyf\u00f6rkl\u00e4de \u00f6ver magen.<\/p>\n<p>S\u00e5 vinsten med blyf\u00f6rkl\u00e4de \u00f6ver endast en del av kroppen vid r\u00f6ntgen \u00e4r\u00a0inte s\u00e5 fullst\u00e4ndig som man kan tro\u00a0pga. den\u00a0spridda str\u00e5lningen. Detta g\u00e4ller dock inte vid r\u00f6ntgen av mer\u00a0perifera kroppsdelar\u00a0t.ex. handled d\u00e4r den spridda str\u00e5lningen inte alls n\u00e5r kroppsdelar som \u00e4r blykl\u00e4tt.<\/p>\n<p>Vi f\u00f6rs\u00f6ker alltid &#8221;kl\u00e4 in gravida i bly&#8221; om r\u00f6ntgen m\u00e5ske g\u00f6ras trots graviditet. Blyskyddet f\u00e5r dock inte p\u00e5verka bildtagningen s\u00e5 pass att det inte g\u00e5r att st\u00e4lla n\u00e5gon diagnos utifr\u00e5n bilden\/bilderna.<\/p>\n<p><a href=\"https:\/\/www.rontgen.com\/wp-doctor\/wp-content\/uploads\/2008\/12\/icon_mini_profile.gif\"><img loading=\"lazy\" decoding=\"async\" class=\"alignleft size-full wp-image-83\" title=\"Svarat av\" src=\"https:\/\/www.rontgen.com\/wp-doctor\/wp-content\/uploads\/2008\/12\/icon_mini_profile.gif\" alt=\"Svarat av\" width=\"12\" height=\"13\" \/><\/a> K.T. rtgssk.<br \/>\nR\u00f6ntgenavdelningen Helsingborgs lasarett<\/p>\n","protected":false},"excerpt":{"rendered":"<p>Jag undrar vad ni har f\u00f6r policy ang\u00e5ende blyf\u00f6rkl\u00e4de under sl\u00e4tr\u00f6ntgen? Om ni [&hellip;]<\/p>\n","protected":false},"author":1,"featured_media":0,"comment_status":"open","ping_status":"open","sticky":false,"template":"","format":"standard","meta":{"footnotes":""},"categories":[10],"tags":[17,15],"class_list":["post-895","post","type-post","status-publish","format-standard","hentry","category-teknik","tag-graviditet","tag-stralning"],"_links":{"self":[{"href":"https:\/\/www.rontgen.com\/wp-doctor\/wp-json\/wp\/v2\/posts\/895","targetHints":{"allow":["GET"]}}],"collection":[{"href":"https:\/\/www.rontgen.com\/wp-doctor\/wp-json\/wp\/v2\/posts"}],"about":[{"href":"https:\/\/www.rontgen.com\/wp-doctor\/wp-json\/wp\/v2\/types\/post"}],"author":[{"embeddable":true,"href":"https:\/\/www.rontgen.com\/wp-doctor\/wp-json\/wp\/v2\/users\/1"}],"replies":[{"embeddable":true,"href":"https:\/\/www.rontgen.com\/wp-doctor\/wp-json\/wp\/v2\/comments?post=895"}],"version-history":[{"count":0,"href":"https:\/\/www.rontgen.com\/wp-doctor\/wp-json\/wp\/v2\/posts\/895\/revisions"}],"wp:attachment":[{"href":"https:\/\/www.rontgen.com\/wp-doctor\/wp-json\/wp\/v2\/media?parent=895"}],"wp:term":[{"taxonomy":"category","embeddable":true,"href":"https:\/\/www.rontgen.com\/wp-doctor\/wp-json\/wp\/v2\/categories?post=895"},{"taxonomy":"post_tag","embeddable":true,"href":"https:\/\/www.rontgen.com\/wp-doctor\/wp-json\/wp\/v2\/tags?post=895"}],"curies":[{"name":"wp","href":"https:\/\/api.w.org\/{rel}","templated":true}]}}