{"id":8822,"date":"2011-05-05T14:29:29","date_gmt":"2011-05-05T13:29:29","guid":{"rendered":"https:\/\/www.rontgen.com\/wp-doctor\/?p=8822"},"modified":"2025-07-24T22:59:08","modified_gmt":"2025-07-24T21:59:08","slug":"ms-pa-mr","status":"publish","type":"post","link":"https:\/\/www.rontgen.com\/wp-doctor\/ms-pa-mr","title":{"rendered":"MS p\u00e5 MR"},"content":{"rendered":"<p><img loading=\"lazy\" decoding=\"async\" class=\"alignleft size-full wp-image-81\" src=\"https:\/\/www.rontgen.com\/wp-doctor\/wp-content\/uploads\/2008\/12\/icon_mini_faq.gif\" alt=\"\" width=\"12\" height=\"13\" \/>Jag har en mamma med ms, och har sj\u00e4lv blivit utredd f\u00f6r detta f\u00f6r ett par \u00e5r sen n\u00e4r jag b\u00f6rjade k\u00e4nna domningar i benen.<br \/>\nDetta visade sig ist\u00e4llet p\u00e5 MR vara ett diskbr\u00e5ck som sedan utvecklats till tv\u00e5 stycken, ischiasp\u00e5verkan och jag v\u00e4ntar nu p\u00e5 operation. Dock f\u00e5r jag j\u00e4mnt massa andra olika kr\u00e4mpor och tycker alltid n\u00e4r jag l\u00e4ser om skumma symptom jag har s\u00e5som sm\u00e4rta under f\u00f6tterna, darriga h\u00e4nder, depression osv. s\u00e5 hamnar jag f\u00f6rr eller senare p\u00e5 att det kan bero p\u00e5 ms.<\/p>\n<p>Det jag undrar d\u00e5 \u00e4r om man hade sett om jag hade ms p\u00e5 min senaste MR jag gjorde i januari i \u00e5r \u00e4ven om den bara var p\u00e5\u00a0ryggen\/l\u00e4ndryggen och inte p\u00e5 hj\u00e4rnan?<\/p>\n<p><img loading=\"lazy\" decoding=\"async\" class=\"alignleft size-full wp-image-85\" src=\"https:\/\/www.rontgen.com\/wp-doctor\/wp-content\/uploads\/2008\/12\/icon_mini_register.gif\" alt=\"\" width=\"12\" height=\"13\" \/>Enligt v\u00e5r neuroradiolog kan man se MS-f\u00f6r\u00e4ndringar (plaque) i hals- och br\u00f6stryggen.<br \/>\nSka en diagnos p\u00e5 MS kunna st\u00e4llas fullt ut m\u00e5ste s\u00e5ledes en MR-unders\u00f6kning av skalle och halsrygg g\u00f6ras.<br \/>\nMS ger \u00e4ven m\u00e5nga karakteristiska kliniska symtom f\u00f6r sjukdomen som med stor sannolikhet talar f\u00f6r MS.<\/p>\n<p><img loading=\"lazy\" decoding=\"async\" class=\"alignleft size-full wp-image-85\" src=\"https:\/\/www.rontgen.com\/wp-doctor\/wp-content\/uploads\/2008\/12\/icon_mini_register.gif\" alt=\"\" width=\"12\" height=\"13\" \/>K.T. rtgssk<br \/>\nR\u00f6ntgen Helsingborg<\/p>\n","protected":false},"excerpt":{"rendered":"<p>Jag har en mamma med ms, och har sj\u00e4lv blivit utredd f\u00f6r detta [&hellip;]<\/p>\n","protected":false},"author":1,"featured_media":0,"comment_status":"open","ping_status":"closed","sticky":false,"template":"","format":"standard","meta":{"footnotes":""},"categories":[5],"tags":[64,141,61],"class_list":["post-8822","post","type-post","status-publish","format-standard","hentry","category-mr","tag-bilder","tag-mr","tag-ms"],"_links":{"self":[{"href":"https:\/\/www.rontgen.com\/wp-doctor\/wp-json\/wp\/v2\/posts\/8822","targetHints":{"allow":["GET"]}}],"collection":[{"href":"https:\/\/www.rontgen.com\/wp-doctor\/wp-json\/wp\/v2\/posts"}],"about":[{"href":"https:\/\/www.rontgen.com\/wp-doctor\/wp-json\/wp\/v2\/types\/post"}],"author":[{"embeddable":true,"href":"https:\/\/www.rontgen.com\/wp-doctor\/wp-json\/wp\/v2\/users\/1"}],"replies":[{"embeddable":true,"href":"https:\/\/www.rontgen.com\/wp-doctor\/wp-json\/wp\/v2\/comments?post=8822"}],"version-history":[{"count":0,"href":"https:\/\/www.rontgen.com\/wp-doctor\/wp-json\/wp\/v2\/posts\/8822\/revisions"}],"wp:attachment":[{"href":"https:\/\/www.rontgen.com\/wp-doctor\/wp-json\/wp\/v2\/media?parent=8822"}],"wp:term":[{"taxonomy":"category","embeddable":true,"href":"https:\/\/www.rontgen.com\/wp-doctor\/wp-json\/wp\/v2\/categories?post=8822"},{"taxonomy":"post_tag","embeddable":true,"href":"https:\/\/www.rontgen.com\/wp-doctor\/wp-json\/wp\/v2\/tags?post=8822"}],"curies":[{"name":"wp","href":"https:\/\/api.w.org\/{rel}","templated":true}]}}