{"id":6683,"date":"2015-11-26T13:02:53","date_gmt":"2015-11-26T12:02:53","guid":{"rendered":"http:\/\/www.rontgen.com\/wp-doctor\/?p=6683"},"modified":"2016-03-06T13:08:34","modified_gmt":"2016-03-06T12:08:34","slug":"huvudvark-av-kontrast","status":"publish","type":"post","link":"https:\/\/www.rontgen.com\/wp-doctor\/huvudvark-av-kontrast","title":{"rendered":"Huvudv\u00e4rk av kontrast"},"content":{"rendered":"<p><img loading=\"lazy\" decoding=\"async\" class=\"alignleft size-full wp-image-81\" style=\"border: 0px none; margin: 5px;\" alt=\"Fr\u00e5ga\" src=\"https:\/\/www.rontgen.com\/wp-doctor\/wp-content\/uploads\/2008\/12\/icon_mini_faq.gif\" width=\"12\" height=\"13\" \/>I november var jag p\u00e5 k\u00e4rlr\u00f6ntgen av huvudet med kontrastv\u00e4ska, \u00e4r det vanligt att man f\u00e5r attacker av huvudv\u00e4rk efter\u00e5t?<\/p>\n<p><img loading=\"lazy\" decoding=\"async\" class=\"alignleft size-full wp-image-85\" style=\"border: 0px none; margin: 5px;\" alt=\"Svar\" src=\"https:\/\/www.rontgen.com\/wp-doctor\/wp-content\/uploads\/2008\/12\/icon_mini_register.gif\" width=\"12\" height=\"13\" \/>Att f\u00e5 huvudv\u00e4rk efter injektion av jodkontrastmedel i blodet \u00e4r en \u00f6verg\u00e5ende k\u00e4nd sen &#8221;biverkning&#8221; dock inte en helt vanlig s\u00e5dan (ca. 1 av 150 pat.). Denna behandlas enbart symtomatiskt dvs. med huvudv\u00e4rkstablett.<\/p>\n<p>Flertalet jodkontrast-sorter \u00e4r isotoniska eller l\u00e4tt hypertona vilket betyder att de drar ingen eller minimal v\u00e4tska ur celler (osmos) och det interstitiella rummet till blodbanorna. Troligen \u00e4r det denna ytterst minimala men dock v\u00e4tskef\u00f6rlust ut i blodk\u00e4rlen som d\u00e5 ger en \u00f6kad volymexpansion (vasodilatation) vilket i sin tur ger upphov till den <em>f\u00f6rv\u00e4ntade<\/em> v\u00e4rmek\u00e4nsla man normalt k\u00e4nner i kroppen av en kontrastinjektion.<br \/>\nI hj\u00e4rnan finns den sk. blod-hj\u00e4rnbarri\u00e4ren som hindrar fr\u00e4mmande \u00e4mnen och kontrastmedel att n\u00e5 utanf\u00f6r hj\u00e4rnans blodk\u00e4rl in i hj\u00e4rncellerna (CNS). Detta hindrar dock inte den n\u00e5got hypertona kontrasten att dra v\u00e4tska ut fr\u00e5n hj\u00e4rnans interstitiella v\u00e4vnad (hj\u00e4rnbarken) in i blodk\u00e4rlen. Dvs. hj\u00e4rnan blir f\u00f6r en kort stund uttorkad. Denna minimala men trots allt en st\u00f6rning i hj\u00e4rnans v\u00e4tskebalans kan d\u00e5 ge symtom i form av huvudv\u00e4rk.<br \/>\nDet finns <em>mycket s\u00e4llsynta<\/em> fall d\u00e4r kontrast passerar blod-hj\u00e4rnbarri\u00e4ren och kan d\u00e5 ge sv\u00e5rare neurologiska symtom s\u00e5 som sv\u00e5r huvudv\u00e4rk, kramper, f\u00f6rvirring och motoriska st\u00f6rningar, mm. Likas\u00e5 kan metastaser, meningit, etc. ge en barri\u00e4rskada d\u00e4r kontrasten d\u00e5 kan p\u00e5verka nervceller, som \u00e4r mycket k\u00e4nsliga f\u00f6r yttre stimuli, som d\u00e5 kan ge liknande symtom.<\/p>\n<p>Om det var kontrasten eller det faktum att \u00e4ven stress och den obehagsk\u00e4nsla de flesta nog k\u00e4nner inf\u00f6r denna unders\u00f6kning och en injektion, av ett f\u00f6r sig sj\u00e4lv ok\u00e4nt medel i kroppen, nog kan ge huvudv\u00e4rk. Vad som orsakade din kan vi inte s\u00e4tta fingret p\u00e5 men kontrastrelaterad huvudv\u00e4rk ska vara \u00f6verg\u00e5ende inom n\u00e5gra timmar eller n\u00e5gon dag.<\/p>\n<p>Symtom som kan relateras till en nyligen kontrastinjektion som inte g\u00e5r \u00f6ver inom n\u00e5gon eller n\u00e5gra dagar ska man ta upp med sin egen doktor. Likas\u00e5 ska man meddela r\u00f6ntgenpersonal om dessa &#8221;biverkningar&#8221; om fler r\u00f6ntgenunders\u00f6kningar med jodkontrast ska g\u00f6ras i framtiden. Vid sv\u00e5rare besv\u00e4r efter\u00e5t ska man givetvis s\u00f6ka akut sjukv\u00e5rd.<\/p>\n<p><img loading=\"lazy\" decoding=\"async\" class=\"alignleft size-full wp-image-83\" style=\"border: 0px none; margin: 5px;\" alt=\"Svarat av\" src=\"https:\/\/www.rontgen.com\/wp-doctor\/wp-content\/uploads\/2008\/12\/icon_mini_profile.gif\" width=\"12\" height=\"13\" \/>K.T. rtgssk<br \/>\nR\u00f6ntgen Helsingborg<\/p>\n","protected":false},"excerpt":{"rendered":"<p>I november var jag p\u00e5 k\u00e4rlr\u00f6ntgen av huvudet med kontrastv\u00e4ska, \u00e4r det vanligt [&hellip;]<\/p>\n","protected":false},"author":1,"featured_media":0,"comment_status":"open","ping_status":"closed","sticky":false,"template":"","format":"standard","meta":{"footnotes":""},"categories":[6],"tags":[87,52,142,38,60],"class_list":["post-6683","post","type-post","status-publish","format-standard","hentry","category-ct","tag-biverkning","tag-blodkarl","tag-ct","tag-kontrast","tag-skalle"],"_links":{"self":[{"href":"https:\/\/www.rontgen.com\/wp-doctor\/wp-json\/wp\/v2\/posts\/6683","targetHints":{"allow":["GET"]}}],"collection":[{"href":"https:\/\/www.rontgen.com\/wp-doctor\/wp-json\/wp\/v2\/posts"}],"about":[{"href":"https:\/\/www.rontgen.com\/wp-doctor\/wp-json\/wp\/v2\/types\/post"}],"author":[{"embeddable":true,"href":"https:\/\/www.rontgen.com\/wp-doctor\/wp-json\/wp\/v2\/users\/1"}],"replies":[{"embeddable":true,"href":"https:\/\/www.rontgen.com\/wp-doctor\/wp-json\/wp\/v2\/comments?post=6683"}],"version-history":[{"count":0,"href":"https:\/\/www.rontgen.com\/wp-doctor\/wp-json\/wp\/v2\/posts\/6683\/revisions"}],"wp:attachment":[{"href":"https:\/\/www.rontgen.com\/wp-doctor\/wp-json\/wp\/v2\/media?parent=6683"}],"wp:term":[{"taxonomy":"category","embeddable":true,"href":"https:\/\/www.rontgen.com\/wp-doctor\/wp-json\/wp\/v2\/categories?post=6683"},{"taxonomy":"post_tag","embeddable":true,"href":"https:\/\/www.rontgen.com\/wp-doctor\/wp-json\/wp\/v2\/tags?post=6683"}],"curies":[{"name":"wp","href":"https:\/\/api.w.org\/{rel}","templated":true}]}}