{"id":6567,"date":"2014-05-22T09:05:56","date_gmt":"2014-05-22T08:05:56","guid":{"rendered":"http:\/\/www.rontgen.com\/wp-doctor\/?p=6567"},"modified":"2016-01-05T19:16:02","modified_gmt":"2016-01-05T18:16:02","slug":"palagringar-pa-kotorna","status":"publish","type":"post","link":"https:\/\/www.rontgen.com\/wp-doctor\/palagringar-pa-kotorna","title":{"rendered":"P\u00e5lagringar p\u00e5 kotorna"},"content":{"rendered":"<p><img loading=\"lazy\" decoding=\"async\" class=\"alignleft size-full wp-image-81\" style=\"border: 0px; margin: 5px;\" alt=\"Fr\u00e5ga\" src=\"https:\/\/www.rontgen.com\/wp-doctor\/wp-content\/uploads\/2008\/12\/icon_mini_faq.gif\" width=\"12\" height=\"13\" \/>Har p\u00e5lagringar p\u00e5 kotkanterna, mest \u00f6vre l\u00e4ndrygg och nedre br\u00f6strygg. Visar inga problem vid diskarna och skelettet ser bra ut, Undrar om det g\u00e5r att g\u00f6ra n\u00e5got \u00e5t?<br \/>\nEftermiddagar och kv\u00e4llar \u00e4r ok och somnar p\u00e5 kv\u00e4llen, men vaknar redan vid 01 och har s\u00e5 ont i ryggen sen sover jag inte mycket mer, hj\u00e4lper inte med v\u00e4rktabletter, voltarengel, spikmatta, f\u00e5r rulla ur s\u00e4ngen, sen \u00e4r f\u00f6rmiddagen j\u00e4ttejobbig. Ska ocks\u00e5 till\u00e4gga att i h\u00f6stas hade jag inflammation i b\u00e4gge mina armar, \u00e4r b\u00e4ttre nu, i vintras hade jag svullet v\u00e4nsterkn\u00e4, t\u00f6mdes p\u00e5 52 milligram v\u00e4tska, varit hos ortoped och v\u00e4ntar p\u00e5 tid f\u00f6r att magnetr\u00f6ntga mitt kn\u00e4.<\/p>\n<p><img loading=\"lazy\" decoding=\"async\" class=\"alignleft size-full wp-image-85\" style=\"border: 0px; margin: 5px;\" alt=\"Svar\" src=\"https:\/\/www.rontgen.com\/wp-doctor\/wp-content\/uploads\/2008\/12\/icon_mini_register.gif\" width=\"12\" height=\"13\" \/>Benp\u00e5lagring sk. <em>osteofyter<\/em> \u00e4r vanligt f\u00f6rekommande inom hela ryggraden samt i andra delar av skelettet. Vad g\u00e4ller ryggen tror man dessa beror p\u00e5 h\u00e5rd eller felaktig belastning genom \u00e5ren. Dvs. slitage. Alternativt kan \u00e4ven \u00e4rftliga faktorer spela roll f\u00f6r dessa osteofyter. Hur som helst \u00e4r de mer eller mindre vanligt f\u00f6rekommande n\u00e4r man blir \u00e4ldre d\u00e5 fr\u00e4mst i l\u00e4ndryggen och halsryggens fr\u00e4mre kanter. Vi inom r\u00f6ntgen ser dessa p\u00e5lagringar p\u00e5 i stort alla ryggbilder av \u00e4ldre personer.<\/p>\n<p>Flertalet osteofyter ger ingen p\u00e5verkan av ryggradens r\u00f6relser medan andra ger besv\u00e4r. Beroende p\u00e5 var de sitter och hur stor \u00f6verbyggnad mellan kotkropparna det \u00e4r ger dessa osteofyter olika symtom.<br \/>\n\u00c4r osteofyterna helt \u00f6verlappande mellan 2 kotor ger detta oftast mer besv\u00e4r \u00e4n separerade kotp\u00e5lagringar. P\u00e5lagringar i halsryggen ger ocks\u00e5 mer besv\u00e4r d\u00e5 nacken \u00e4r en v\u00e4ldigt r\u00f6rlig kroppsdel i alla led och p\u00e5verkas mer av diverse benp\u00e5lagringar och annan degeneration h\u00e4r.<\/p>\n<p>Osteofyter f\u00f6rekommer \u00e4ven i kn\u00e4skelettet. Framf\u00f6r allt om patienten \u00e4ven har artros d\u00e4r kn\u00e4ledens ledytor uts\u00e4tts f\u00f6r mer p\u00e5frestning som d\u00e5 ev. triggar osteofytbildningen.<\/p>\n<p><img loading=\"lazy\" decoding=\"async\" class=\"alignleft size-full wp-image-83\" style=\"border: 0px; margin: 5px;\" alt=\"Svarat av\" src=\"https:\/\/www.rontgen.com\/wp-doctor\/wp-content\/uploads\/2008\/12\/icon_mini_profile.gif\" width=\"12\" height=\"13\" \/>K.T. rtgssk<br \/>\nR\u00f6ntgen Helsingborg<\/p>\n","protected":false},"excerpt":{"rendered":"<p>Har p\u00e5lagringar p\u00e5 kotkanterna, mest \u00f6vre l\u00e4ndrygg och nedre br\u00f6strygg. Visar inga problem [&hellip;]<\/p>\n","protected":false},"author":1,"featured_media":0,"comment_status":"open","ping_status":"closed","sticky":false,"template":"","format":"standard","meta":{"footnotes":""},"categories":[9],"tags":[49],"class_list":["post-6567","post","type-post","status-publish","format-standard","hentry","category-konventionellrtg","tag-landrygg"],"_links":{"self":[{"href":"https:\/\/www.rontgen.com\/wp-doctor\/wp-json\/wp\/v2\/posts\/6567","targetHints":{"allow":["GET"]}}],"collection":[{"href":"https:\/\/www.rontgen.com\/wp-doctor\/wp-json\/wp\/v2\/posts"}],"about":[{"href":"https:\/\/www.rontgen.com\/wp-doctor\/wp-json\/wp\/v2\/types\/post"}],"author":[{"embeddable":true,"href":"https:\/\/www.rontgen.com\/wp-doctor\/wp-json\/wp\/v2\/users\/1"}],"replies":[{"embeddable":true,"href":"https:\/\/www.rontgen.com\/wp-doctor\/wp-json\/wp\/v2\/comments?post=6567"}],"version-history":[{"count":0,"href":"https:\/\/www.rontgen.com\/wp-doctor\/wp-json\/wp\/v2\/posts\/6567\/revisions"}],"wp:attachment":[{"href":"https:\/\/www.rontgen.com\/wp-doctor\/wp-json\/wp\/v2\/media?parent=6567"}],"wp:term":[{"taxonomy":"category","embeddable":true,"href":"https:\/\/www.rontgen.com\/wp-doctor\/wp-json\/wp\/v2\/categories?post=6567"},{"taxonomy":"post_tag","embeddable":true,"href":"https:\/\/www.rontgen.com\/wp-doctor\/wp-json\/wp\/v2\/tags?post=6567"}],"curies":[{"name":"wp","href":"https:\/\/api.w.org\/{rel}","templated":true}]}}