{"id":6113,"date":"2015-06-04T11:51:00","date_gmt":"2015-06-04T10:51:00","guid":{"rendered":"http:\/\/www.rontgen.com\/wp-doctor\/?p=6113"},"modified":"2015-07-11T00:59:22","modified_gmt":"2015-07-10T23:59:22","slug":"reagerat-mot-flera-kontrastsorter","status":"publish","type":"post","link":"https:\/\/www.rontgen.com\/wp-doctor\/reagerat-mot-flera-kontrastsorter","title":{"rendered":"Reagerat mot flera kontrastsorter"},"content":{"rendered":"<p><img loading=\"lazy\" decoding=\"async\" class=\"alignleft size-full wp-image-81\" style=\"border: 0px none;\" alt=\"Fr\u00e5ga\" src=\"https:\/\/www.rontgen.com\/wp-doctor\/wp-content\/uploads\/2008\/12\/icon_mini_faq.gif\" width=\"12\" height=\"13\" \/>Vid tv\u00e5 tillf\u00e4llen har jag reagerat p\u00e5 kontrastv\u00e4tska, fotografering unders\u00f6kning av \u00f6gonbotten (minns inte vad f\u00f6r slags kontrastv\u00e4tska jag fick, men fick kraftig allergisk chock med andningsproblem) och andra tillf\u00e4llet f\u00f6r att kolla om jag hade en lungpropp och gjorde d\u00e5 en slags r\u00f6ntgen med kontrastv\u00e4tska.. Vid senare tillf\u00e4llet fick jag ett \u201dmotgift\u201d men reagerade med andningsproblem och fruktansv\u00e4rd spr\u00e4ngning i huvudet.<br \/>\nVad \u00e4r jag allergisk emot?<br \/>\nHar nu f\u00e5tt Borelia\u2026och \u00e4ter Tikacillin och f\u00e5r lite stickningar i halsen. Finns n\u00e5got sammaband mellan dessa tv\u00e5 (tre) substanser jag reagerar p\u00e5?<\/p>\n<p><img loading=\"lazy\" decoding=\"async\" class=\"alignleft size-full wp-image-85\" style=\"border: 0px none;\" alt=\"Svar\" src=\"https:\/\/www.rontgen.com\/wp-doctor\/wp-content\/uploads\/2008\/12\/icon_mini_register.gif\" width=\"12\" height=\"13\" \/>Du har troligen gjort en luoresceinangiografi dvs. en fotografering av blodk\u00e4rlen i \u00f6gats n\u00e4t- och \u00e5derhinna.<br \/>\nDet f\u00e4rg\u00e4mne, Luorescein, som anv\u00e4nd vid denna \u00f6gonunders\u00f6kning vet vi inte s\u00e5 mycket om. Detta l\u00e4kemedel kan dock ge liknande biverkningar som vid anv\u00e4ndandet av jodkontrastmedel inf\u00f6r en r\u00f6ntgenunders\u00f6kning.<\/p>\n<p>D\u00e5 du \u00e4ven f\u00e5tt allvarliga reaktioner (anafylaxi) mot jodkontrast vid lungk\u00e4rlr\u00f6ntgen (CT lunemboli), <em>trots<\/em> du premedicinerats innan unders\u00f6kning f\u00f6r allergiska reaktioner, b\u00f6r man d\u00e4rf\u00f6r noga \u00f6verv\u00e4ga alternativa unders\u00f6kningsmetoder som inte involverar kontrastmedel av n\u00e5got slag.<br \/>\nOm trots allt en kontrastunders\u00f6kning anses s\u00e5 pass viktig f\u00f6r din h\u00e4lsa och v\u00e4lbefinnande, trots \u00f6verh\u00e4ngande risk f\u00f6r ev. sv\u00e5rare reaktioner, ska premedicinering med steroider ske innan kontrastinjektion samt <em>ska<\/em> det planeras f\u00f6r en efterf\u00f6ljande sjukhusbunden efterv\u00e5rd med noggrann \u00f6vervakning efter unders\u00f6kningen. Det kan \u00e4ven vara aktuellt med en \u00f6kad dos av steroider som premedicinering innan unders\u00f6kningen.<br \/>\nMan b\u00f6r \u00e4ven prova byta till annat kontrastmedel \u00e4n det som anv\u00e4ndes vid senaste r\u00f6ntgenunders\u00f6kningen som gav en reaktion.<\/p>\n<p>Tikacillin, som \u00e4r en penicillin, har inget gemensamt med jodkontrastmedel som vi vet.<\/p>\n<p>D\u00e5 du reagerat kraftigt mot flera sorters kontrast samt penicillin b\u00f6r kanske \u00e4ven en allergolog konsulteras f\u00f6r framf\u00f6rallt premedicinering inf\u00f6r ev. framtida kontrastmedelsunders\u00f6kningar. Detta b\u00f6r du <em>absolut<\/em> ta upp med din egen doktor.<br \/>\nAtt kunna anv\u00e4nda kontrastmedel vid en r\u00f6ntgenunders\u00f6kning \u00e4r oftast viktigt f\u00f6r att f\u00e5 en s\u00e4ker diagnostik.<\/p>\n<p><img loading=\"lazy\" decoding=\"async\" class=\"alignleft size-full wp-image-83\" style=\"border: 0px none;\" alt=\"Svarat av\" src=\"https:\/\/www.rontgen.com\/wp-doctor\/wp-content\/uploads\/2008\/12\/icon_mini_profile.gif\" width=\"12\" height=\"13\" \/>K.T. rtgssk<br \/>\nR\u00f6ntgen Helsingborg<\/p>\n","protected":false},"excerpt":{"rendered":"<p>Vid tv\u00e5 tillf\u00e4llen har jag reagerat p\u00e5 kontrastv\u00e4tska, fotografering unders\u00f6kning av \u00f6gonbotten (minns [&hellip;]<\/p>\n","protected":false},"author":1,"featured_media":0,"comment_status":"open","ping_status":"closed","sticky":false,"template":"","format":"standard","meta":{"footnotes":""},"categories":[6],"tags":[87,142,38],"class_list":["post-6113","post","type-post","status-publish","format-standard","hentry","category-ct","tag-biverkning","tag-ct","tag-kontrast"],"_links":{"self":[{"href":"https:\/\/www.rontgen.com\/wp-doctor\/wp-json\/wp\/v2\/posts\/6113","targetHints":{"allow":["GET"]}}],"collection":[{"href":"https:\/\/www.rontgen.com\/wp-doctor\/wp-json\/wp\/v2\/posts"}],"about":[{"href":"https:\/\/www.rontgen.com\/wp-doctor\/wp-json\/wp\/v2\/types\/post"}],"author":[{"embeddable":true,"href":"https:\/\/www.rontgen.com\/wp-doctor\/wp-json\/wp\/v2\/users\/1"}],"replies":[{"embeddable":true,"href":"https:\/\/www.rontgen.com\/wp-doctor\/wp-json\/wp\/v2\/comments?post=6113"}],"version-history":[{"count":0,"href":"https:\/\/www.rontgen.com\/wp-doctor\/wp-json\/wp\/v2\/posts\/6113\/revisions"}],"wp:attachment":[{"href":"https:\/\/www.rontgen.com\/wp-doctor\/wp-json\/wp\/v2\/media?parent=6113"}],"wp:term":[{"taxonomy":"category","embeddable":true,"href":"https:\/\/www.rontgen.com\/wp-doctor\/wp-json\/wp\/v2\/categories?post=6113"},{"taxonomy":"post_tag","embeddable":true,"href":"https:\/\/www.rontgen.com\/wp-doctor\/wp-json\/wp\/v2\/tags?post=6113"}],"curies":[{"name":"wp","href":"https:\/\/api.w.org\/{rel}","templated":true}]}}