{"id":6107,"date":"2015-07-10T12:34:50","date_gmt":"2015-07-10T11:34:50","guid":{"rendered":"http:\/\/www.rontgen.com\/wp-doctor\/?p=6107"},"modified":"2015-09-07T15:28:44","modified_gmt":"2015-09-07T14:28:44","slug":"yr-av-kontrast","status":"publish","type":"post","link":"https:\/\/www.rontgen.com\/wp-doctor\/yr-av-kontrast","title":{"rendered":"Yr av kontrast"},"content":{"rendered":"<p><img loading=\"lazy\" decoding=\"async\" class=\"alignleft size-full wp-image-81\" style=\"border: 0px none;\" alt=\"Fr\u00e5ga\" src=\"https:\/\/www.rontgen.com\/wp-doctor\/wp-content\/uploads\/2008\/12\/icon_mini_faq.gif\" width=\"12\" height=\"13\" \/>Jag har f\u00e5tt kontrastv\u00e4tska i kroppen vid en datortomografi p\u00e5 br\u00f6stkorgen. Jag blev fruktansv\u00e4rt yr i huvudet efter\u00e5t och det satt i i flera timmar. Inneh\u00f6ll det n\u00e5gon form av morfin som jag inte t\u00e5l?<\/p>\n<p><img loading=\"lazy\" decoding=\"async\" class=\"alignleft size-full wp-image-85\" style=\"border: 0px none;\" alt=\"Svar\" src=\"https:\/\/www.rontgen.com\/wp-doctor\/wp-content\/uploads\/2008\/12\/icon_mini_register.gif\" width=\"12\" height=\"13\" \/>Kontrastmedel kan ge upphov till en m\u00e4ngd symtom, omedelbara eller senare, som generellt inte anses allvarliga. V\u00e4rmek\u00e4nseln i delar av kroppen \u00e4r absolut vanligaste omedelbara symtom i samband med kontrastinjektionen.<br \/>\nHuvudv\u00e4rk och yrsel \u00e4r en l\u00e4ttare form av \u00f6verk\u00e4nslighetsreaktion av kontrastmedel. Upptr\u00e4der d\u00e5 ofta som ett senare symtom (efter ca. 1 tim) och kan h\u00e5lla i sig under n\u00e5gra dagar. Vid sv\u00e5r huvudv\u00e4rk b\u00f6r man s\u00f6k sin doktor.<br \/>\nKontrastmedel inneh\u00e5ller inte n\u00e5gon form av morfin eller annat &#8221;icke kontrastl\u00e4kemedel&#8221;.<\/p>\n<p>Oavsett typ av besv\u00e4r efter en tidigare kontrastmedelsinjektion ska man meddela sin egen doktor, samt vid ev. ny framtida unders\u00f6kning, den personal som g\u00f6r unders\u00f6kning om dessa tidigare besv\u00e4r man haft efter kontrasten. Oavsett besv\u00e4rsform.<\/p>\n<p><img loading=\"lazy\" decoding=\"async\" class=\"alignleft size-full wp-image-83\" style=\"border: 0px none;\" alt=\"Svarat av\" src=\"https:\/\/www.rontgen.com\/wp-doctor\/wp-content\/uploads\/2008\/12\/icon_mini_profile.gif\" width=\"12\" height=\"13\" \/>K.T. rtgssk<br \/>\nR\u00f6ntgen Helsingborg<\/p>\n","protected":false},"excerpt":{"rendered":"<p>Jag har f\u00e5tt kontrastv\u00e4tska i kroppen vid en datortomografi p\u00e5 br\u00f6stkorgen. Jag blev [&hellip;]<\/p>\n","protected":false},"author":1,"featured_media":0,"comment_status":"open","ping_status":"closed","sticky":false,"template":"","format":"standard","meta":{"footnotes":""},"categories":[6],"tags":[87,142,38],"class_list":["post-6107","post","type-post","status-publish","format-standard","hentry","category-ct","tag-biverkning","tag-ct","tag-kontrast"],"_links":{"self":[{"href":"https:\/\/www.rontgen.com\/wp-doctor\/wp-json\/wp\/v2\/posts\/6107","targetHints":{"allow":["GET"]}}],"collection":[{"href":"https:\/\/www.rontgen.com\/wp-doctor\/wp-json\/wp\/v2\/posts"}],"about":[{"href":"https:\/\/www.rontgen.com\/wp-doctor\/wp-json\/wp\/v2\/types\/post"}],"author":[{"embeddable":true,"href":"https:\/\/www.rontgen.com\/wp-doctor\/wp-json\/wp\/v2\/users\/1"}],"replies":[{"embeddable":true,"href":"https:\/\/www.rontgen.com\/wp-doctor\/wp-json\/wp\/v2\/comments?post=6107"}],"version-history":[{"count":0,"href":"https:\/\/www.rontgen.com\/wp-doctor\/wp-json\/wp\/v2\/posts\/6107\/revisions"}],"wp:attachment":[{"href":"https:\/\/www.rontgen.com\/wp-doctor\/wp-json\/wp\/v2\/media?parent=6107"}],"wp:term":[{"taxonomy":"category","embeddable":true,"href":"https:\/\/www.rontgen.com\/wp-doctor\/wp-json\/wp\/v2\/categories?post=6107"},{"taxonomy":"post_tag","embeddable":true,"href":"https:\/\/www.rontgen.com\/wp-doctor\/wp-json\/wp\/v2\/tags?post=6107"}],"curies":[{"name":"wp","href":"https:\/\/api.w.org\/{rel}","templated":true}]}}