{"id":5907,"date":"2013-08-01T07:59:38","date_gmt":"2013-08-01T06:59:38","guid":{"rendered":"http:\/\/www.rontgen.com\/wp-doctor\/?p=5907"},"modified":"2013-09-03T13:11:51","modified_gmt":"2013-09-03T12:11:51","slug":"oro-for-stralning-pa-barn","status":"publish","type":"post","link":"https:\/\/www.rontgen.com\/wp-doctor\/oro-for-stralning-pa-barn","title":{"rendered":"Oro f\u00f6r str\u00e5lning p\u00e5 barn"},"content":{"rendered":"<p><img loading=\"lazy\" decoding=\"async\" class=\"alignleft size-full wp-image-81\" style=\"border: 0pt none;\" alt=\"Fr\u00e5ga\" src=\"https:\/\/www.rontgen.com\/wp-doctor\/wp-content\/uploads\/2008\/12\/icon_mini_faq.gif\" width=\"12\" height=\"13\" \/>Min 3-\u00e5riga son har idag tr\u00e4ffat en ortopedl\u00e4kare p.g.a n\u00e5got \u00f6verr\u00f6rliga kn\u00e4leder. L\u00e4karen skickade honom till r\u00f6ntgen d\u00e4r 5 bilder togs av hans h\u00f6gra kn\u00e4 och 4 av hans v\u00e4nstra. Allts\u00e5 totalt 9 bilder.<br \/>\nJag \u00e4r nu extremt orolig \u00f6ver denna m\u00e4ngd av exponering. Under hela tiden satt han upp p\u00e5 britsen, fram\u00e5tlutan och tittade p\u00e5 sina kn\u00e4 som r\u00f6ntgades. Kn\u00e4na var placerade helt ihop s\u00e5 jag t\u00e4nker mig att b\u00e5da hans sm\u00e5 ben har exponerats 9(!!!) g\u00e5nger samt att hans huvud var v\u00e4ldigt n\u00e4ra varje g\u00e5ng. Hans underliv var inte heller skyddat. Nu har jag l\u00e4st om den kraftigt \u00f6kade risken f\u00f6r skador hos barn vid exponering av r\u00f6d benm\u00e4rg och k\u00e4nner mig \u00e4nnu mer orolig f\u00f6r 9 exponeringar tycker jag l\u00e5ter s\u00e5\u00e5\u00e5 mycket \u00e4ven f\u00f6r en vuxen. Det blev ju s\u00e5 mycket str\u00e5lning av samma omr\u00e5de p\u00e5 en g\u00e5ng. Gjort \u00e4r ju gjort men \u00e4r detta normalt f\u00f6rfarande med barn och hur stor skada \u00e4r skedd? Han klagade p\u00e5 att kn\u00e4na kliade n\u00e4r han gick till s\u00e4ngs. Klandrar mig sj\u00e4lv f\u00f6r att jag inte ifr\u00e5gasatte detta p\u00e5 plats och kanske hade kunnat f\u00f6rhindra framtida skador. Skulle vara otroligt sk\u00f6nt om R\u00f6ntgendoktorn kunde svara mig \u00e4rligt har farlig denna unders\u00f6kning har varit f\u00f6r min 3-\u00e5ring.<\/p>\n<p><img loading=\"lazy\" decoding=\"async\" class=\"alignleft size-full wp-image-85\" style=\"border: 0pt none;\" alt=\"Svar\" src=\"https:\/\/www.rontgen.com\/wp-doctor\/wp-content\/uploads\/2008\/12\/icon_mini_register.gif\" width=\"12\" height=\"13\" \/>F\u00f6r att r\u00f6ntgenunders\u00f6ka sm\u00e5 barn beh\u00f6vs bara sm\u00e5 m\u00e4ngder r\u00f6ntgenstr\u00e5lar. Just att de \u00e4r sm\u00e5 g\u00f6r att r\u00f6ntgenstr\u00e5larna l\u00e4tt kan ta sig igenom barnet, och str\u00e5ldoserna blir f\u00f6ljaktligen ocks\u00e5 sm\u00e5. Viktigt vid all r\u00f6ntgenunders\u00f6kning \u00e4r att patienten \u00e4r stilla. Detta kan vara ett problem d\u00e5 det g\u00e4ller att r\u00f6ntgenunders\u00f6ka en 3-\u00e5ring. Det var nog d\u00e4rf\u00f6r som ditt barn fick sitta upp, f\u00f6r d\u00e5 var han rimligt stilla. Att han hade huvudet n\u00e4ra eller saknade skydd f\u00f6r underlivet betyder i praktiken inget. Eftersom endast sm\u00e5 m\u00e4ngder r\u00f6ntgenstr\u00e5lar anv\u00e4ndes blir m\u00e4ngden spridd str\u00e5lning, som kan tr\u00e4ffa huvud och underliv, f\u00f6rsumbar.<\/p>\n<p>Jag har aldrig h\u00f6rt att str\u00e5lning fr\u00e5n en r\u00f6ntgenunders\u00f6kning skulle kunna orsaka kl\u00e5da. Troligen \u00e4r det n\u00e5got annat som gjorde att det kliade i kn\u00e4na.<\/p>\n<p>Str\u00e5ldosen som ditt barn fick till f\u00f6ljd av alla exponeringarna motsvarar ungef\u00e4r str\u00e5ldosen fr\u00e5n knappt en veckas naturlig bakgrundsstr\u00e5lningen. Bakgrundsstr\u00e5lningen \u00e4r str\u00e5lning som vi alla uts\u00e4tts f\u00f6r. Den kommer till st\u00f6rsta delen fr\u00e5n marken och fr\u00e5n rymden. Risken med denna str\u00e5ldos \u00e4r helt f\u00f6rsumbar. Allts\u00e5, risken som ditt barn utsattes f\u00f6r \u00e4r s\u00e5 liten att den kan betraktas som f\u00f6rsumbar. Om man tar bilen till och fr\u00e5n sjukhuset, \u00e4r oftast bilresan mer farlig \u00e4n r\u00f6ntgenunders\u00f6kningen.<\/p>\n<p><img loading=\"lazy\" decoding=\"async\" class=\"alignleft size-full wp-image-83\" style=\"border: 0pt none;\" alt=\"Svarat av\" src=\"https:\/\/www.rontgen.com\/wp-doctor\/wp-content\/uploads\/2008\/12\/icon_mini_profile.gif\" width=\"12\" height=\"13\" \/>M. O. sjukhusfysiker<br \/>\nR\u00f6ntgen Helsingborg<\/p>\n","protected":false},"excerpt":{"rendered":"<p>Min 3-\u00e5riga son har idag tr\u00e4ffat en ortopedl\u00e4kare p.g.a n\u00e5got \u00f6verr\u00f6rliga kn\u00e4leder. L\u00e4karen [&hellip;]<\/p>\n","protected":false},"author":1,"featured_media":0,"comment_status":"open","ping_status":"closed","sticky":false,"template":"","format":"standard","meta":{"footnotes":""},"categories":[11],"tags":[41,15],"class_list":["post-5907","post","type-post","status-publish","format-standard","hentry","category-annat","tag-barn","tag-stralning"],"_links":{"self":[{"href":"https:\/\/www.rontgen.com\/wp-doctor\/wp-json\/wp\/v2\/posts\/5907","targetHints":{"allow":["GET"]}}],"collection":[{"href":"https:\/\/www.rontgen.com\/wp-doctor\/wp-json\/wp\/v2\/posts"}],"about":[{"href":"https:\/\/www.rontgen.com\/wp-doctor\/wp-json\/wp\/v2\/types\/post"}],"author":[{"embeddable":true,"href":"https:\/\/www.rontgen.com\/wp-doctor\/wp-json\/wp\/v2\/users\/1"}],"replies":[{"embeddable":true,"href":"https:\/\/www.rontgen.com\/wp-doctor\/wp-json\/wp\/v2\/comments?post=5907"}],"version-history":[{"count":0,"href":"https:\/\/www.rontgen.com\/wp-doctor\/wp-json\/wp\/v2\/posts\/5907\/revisions"}],"wp:attachment":[{"href":"https:\/\/www.rontgen.com\/wp-doctor\/wp-json\/wp\/v2\/media?parent=5907"}],"wp:term":[{"taxonomy":"category","embeddable":true,"href":"https:\/\/www.rontgen.com\/wp-doctor\/wp-json\/wp\/v2\/categories?post=5907"},{"taxonomy":"post_tag","embeddable":true,"href":"https:\/\/www.rontgen.com\/wp-doctor\/wp-json\/wp\/v2\/tags?post=5907"}],"curies":[{"name":"wp","href":"https:\/\/api.w.org\/{rel}","templated":true}]}}