{"id":5890,"date":"2012-09-28T14:38:02","date_gmt":"2012-09-28T13:38:02","guid":{"rendered":"http:\/\/www.rontgen.com\/wp-doctor\/?p=5890"},"modified":"2013-06-28T15:08:44","modified_gmt":"2013-06-28T14:08:44","slug":"varfor-mr-nar-ct-ar-gjord","status":"publish","type":"post","link":"https:\/\/www.rontgen.com\/wp-doctor\/varfor-mr-nar-ct-ar-gjord","title":{"rendered":"Varf\u00f6r MR n\u00e4r CT \u00e4r gjord"},"content":{"rendered":"<p><img loading=\"lazy\" decoding=\"async\" class=\"alignleft size-full wp-image-81\" style=\"border: 0pt none;\" alt=\"Fr\u00e5ga\" src=\"https:\/\/www.rontgen.com\/wp-doctor\/wp-content\/uploads\/2008\/12\/icon_mini_faq.gif\" width=\"12\" height=\"13\" \/>F\u00f6r att utesluta \u2013 n\u00e5got \u2013 vet inte vad, s\u00e5 skall jag genomg\u00e5 en mr-r\u00f6ntgen. Nu undrar jag vad det kan vara som skall uteslutas?<br \/>\nMina symtom \u00e4r att jag \u00e4r tr\u00f6tt. har obalans och liten falltendens \u00e5t h\u00f6. En datortomografi av hj\u00e4rnan \u00e4r gjord som var ok.<\/p>\n<p><img loading=\"lazy\" decoding=\"async\" class=\"alignleft size-full wp-image-85\" alt=\"Svar\" src=\"https:\/\/www.rontgen.com\/wp-doctor\/wp-content\/uploads\/2008\/12\/icon_mini_register.gif\" width=\"12\" height=\"13\" \/>P\u00e5 grund av dina symtom och fortsatta besv\u00e4r ska unders\u00f6kningen kompletteras med en MR. Det \u00e4r finliret som tas till nu.<br \/>\nMR-bilderna klarar av av att visa s\u00e5v\u00e4l abnorma som patologiska strukturella f\u00f6r\u00e4ndringar i hj\u00e4rnans mjukdelar b\u00e4ttre \u00e4n CT. MR avbildar sm\u00e5 substansf\u00f6r\u00e4ndringar och patologiska f\u00f6r\u00e4ndringar i s\u00e5v\u00e4l vit som gr\u00e5 substans mycket bra. Man f\u00e5r \u00e4ven hj\u00e4rnhinnorna b\u00e4ttre avbildade med MR.<br \/>\nVarf\u00f6r man inleder med en CT-skalle f\u00f6rst \u00e4r tillg\u00e4ngligheten, snabbhet i unders\u00f6kningen, samt trots allt en h\u00f6g diagnostisk tillf\u00f6rlitlighet vid m\u00e5nga tillst\u00e5nd inom skallen. Visar inte CT-skallen n\u00e5got som beh\u00f6ver mer akut omh\u00e4ndertagande\/behandling kan man senare i lugn och ro forts\u00e4tta utredningen, s\u00e5 som gjorts f\u00f6r dig nu, d\u00e5 symtom och besv\u00e4r inte avklingat.<\/p>\n<p><img loading=\"lazy\" decoding=\"async\" class=\"alignleft size-full wp-image-83\" style=\"border: 0pt none;\" alt=\"Svarat av\" src=\"https:\/\/www.rontgen.com\/wp-doctor\/wp-content\/uploads\/2008\/12\/icon_mini_profile.gif\" width=\"12\" height=\"13\" \/>K.T. rtgssk<br \/>\nR\u00f6ntgen Helsingborg<\/p>\n","protected":false},"excerpt":{"rendered":"<p>F\u00f6r att utesluta \u2013 n\u00e5got \u2013 vet inte vad, s\u00e5 skall jag genomg\u00e5 [&hellip;]<\/p>\n","protected":false},"author":1,"featured_media":0,"comment_status":"open","ping_status":"closed","sticky":false,"template":"","format":"standard","meta":{"footnotes":""},"categories":[5],"tags":[64,142,141,24],"class_list":["post-5890","post","type-post","status-publish","format-standard","hentry","category-mr","tag-bilder","tag-ct","tag-mr","tag-undersokning"],"_links":{"self":[{"href":"https:\/\/www.rontgen.com\/wp-doctor\/wp-json\/wp\/v2\/posts\/5890","targetHints":{"allow":["GET"]}}],"collection":[{"href":"https:\/\/www.rontgen.com\/wp-doctor\/wp-json\/wp\/v2\/posts"}],"about":[{"href":"https:\/\/www.rontgen.com\/wp-doctor\/wp-json\/wp\/v2\/types\/post"}],"author":[{"embeddable":true,"href":"https:\/\/www.rontgen.com\/wp-doctor\/wp-json\/wp\/v2\/users\/1"}],"replies":[{"embeddable":true,"href":"https:\/\/www.rontgen.com\/wp-doctor\/wp-json\/wp\/v2\/comments?post=5890"}],"version-history":[{"count":0,"href":"https:\/\/www.rontgen.com\/wp-doctor\/wp-json\/wp\/v2\/posts\/5890\/revisions"}],"wp:attachment":[{"href":"https:\/\/www.rontgen.com\/wp-doctor\/wp-json\/wp\/v2\/media?parent=5890"}],"wp:term":[{"taxonomy":"category","embeddable":true,"href":"https:\/\/www.rontgen.com\/wp-doctor\/wp-json\/wp\/v2\/categories?post=5890"},{"taxonomy":"post_tag","embeddable":true,"href":"https:\/\/www.rontgen.com\/wp-doctor\/wp-json\/wp\/v2\/tags?post=5890"}],"curies":[{"name":"wp","href":"https:\/\/api.w.org\/{rel}","templated":true}]}}