{"id":5659,"date":"2013-01-15T16:03:42","date_gmt":"2013-01-15T15:03:42","guid":{"rendered":"http:\/\/www.rontgen.com\/wp-doctor\/?p=5659"},"modified":"2013-01-15T16:03:42","modified_gmt":"2013-01-15T15:03:42","slug":"rontga-axeln-trots-graviditet","status":"publish","type":"post","link":"https:\/\/www.rontgen.com\/wp-doctor\/rontga-axeln-trots-graviditet","title":{"rendered":"R\u00f6ntga axeln trots graviditet"},"content":{"rendered":"<p><a href=\"https:\/\/www.rontgen.com\/wp-doctor\/wp-content\/uploads\/2008\/12\/icon_mini_faq.gif\"><img loading=\"lazy\" decoding=\"async\" class=\"alignleft size-full wp-image-81\" style=\"border: 0pt none;\" alt=\"Fr\u00e5ga\" src=\"https:\/\/www.rontgen.com\/wp-doctor\/wp-content\/uploads\/2008\/12\/icon_mini_faq.gif\" width=\"12\" height=\"13\" \/><\/a> Jag har r\u00f6ntgat min axel idag o jag \u00e4r gravid i vecka 29.. Fr\u00e5gan \u00e4r om det \u00e4r farligt f\u00f6r barnet??<br \/>\nL\u00e4karen sa att det inte va farligt men alla p\u00e5 r\u00f6ntgen tyckte att eftersom det inte var akut s\u00e5 borde man v\u00e4ntat tills jag f\u00f6tt barnet.. S\u00e5 som sagt, \u00e4r det farligt f\u00f6r barnet??<\/p>\n<p><a href=\"https:\/\/www.rontgen.com\/wp-doctor\/wp-content\/uploads\/2008\/12\/icon_mini_register.gif\"><img loading=\"lazy\" decoding=\"async\" class=\"alignleft size-full wp-image-85\" style=\"border: 0pt none;\" alt=\"Svar\" src=\"https:\/\/www.rontgen.com\/wp-doctor\/wp-content\/uploads\/2008\/12\/icon_mini_register.gif\" width=\"12\" height=\"13\" \/><\/a> Att r\u00f6ntgenunders\u00f6ka axlarna p\u00e5 en gravid patient medf\u00f6r s\u00e5 sm\u00e5 str\u00e5ldoser till fostret att denna kan anses som ofarlig. Str\u00e5ldosen motsvarar n\u00e5gra timmars naturlig bakgrundsstr\u00e5lning.<\/p>\n<p><a href=\"https:\/\/www.rontgen.com\/wp-doctor\/wp-content\/uploads\/2008\/12\/icon_mini_profile.gif\"><img loading=\"lazy\" decoding=\"async\" class=\"alignleft size-full wp-image-83\" style=\"border: 0pt none;\" alt=\"Svarat av\" src=\"https:\/\/www.rontgen.com\/wp-doctor\/wp-content\/uploads\/2008\/12\/icon_mini_profile.gif\" width=\"12\" height=\"13\" \/><\/a> M.O. sjukhusfysiker<br \/>\nR\u00f6ntgen Helsingborg<\/p>\n","protected":false},"excerpt":{"rendered":"<p>Jag har r\u00f6ntgat min axel idag o jag \u00e4r gravid i vecka 29.. [&hellip;]<\/p>\n","protected":false},"author":1,"featured_media":0,"comment_status":"open","ping_status":"closed","sticky":false,"template":"","format":"standard","meta":{"footnotes":""},"categories":[11],"tags":[17,15],"class_list":["post-5659","post","type-post","status-publish","format-standard","hentry","category-annat","tag-graviditet","tag-stralning"],"_links":{"self":[{"href":"https:\/\/www.rontgen.com\/wp-doctor\/wp-json\/wp\/v2\/posts\/5659","targetHints":{"allow":["GET"]}}],"collection":[{"href":"https:\/\/www.rontgen.com\/wp-doctor\/wp-json\/wp\/v2\/posts"}],"about":[{"href":"https:\/\/www.rontgen.com\/wp-doctor\/wp-json\/wp\/v2\/types\/post"}],"author":[{"embeddable":true,"href":"https:\/\/www.rontgen.com\/wp-doctor\/wp-json\/wp\/v2\/users\/1"}],"replies":[{"embeddable":true,"href":"https:\/\/www.rontgen.com\/wp-doctor\/wp-json\/wp\/v2\/comments?post=5659"}],"version-history":[{"count":0,"href":"https:\/\/www.rontgen.com\/wp-doctor\/wp-json\/wp\/v2\/posts\/5659\/revisions"}],"wp:attachment":[{"href":"https:\/\/www.rontgen.com\/wp-doctor\/wp-json\/wp\/v2\/media?parent=5659"}],"wp:term":[{"taxonomy":"category","embeddable":true,"href":"https:\/\/www.rontgen.com\/wp-doctor\/wp-json\/wp\/v2\/categories?post=5659"},{"taxonomy":"post_tag","embeddable":true,"href":"https:\/\/www.rontgen.com\/wp-doctor\/wp-json\/wp\/v2\/tags?post=5659"}],"curies":[{"name":"wp","href":"https:\/\/api.w.org\/{rel}","templated":true}]}}