{"id":5654,"date":"2013-01-15T15:55:30","date_gmt":"2013-01-15T14:55:30","guid":{"rendered":"http:\/\/www.rontgen.com\/wp-doctor\/?p=5654"},"modified":"2013-01-15T16:08:30","modified_gmt":"2013-01-15T15:08:30","slug":"orolig-efter-rontgen-vid-graviditet","status":"publish","type":"post","link":"https:\/\/www.rontgen.com\/wp-doctor\/orolig-efter-rontgen-vid-graviditet","title":{"rendered":"Orolig efter r\u00f6ntgen vid graviditet"},"content":{"rendered":"<p><img loading=\"lazy\" decoding=\"async\" class=\"alignleft size-full wp-image-81\" style=\"border: 0pt none;\" title=\"Fr\u00e5ga\" alt=\"\" src=\"http:\/\/rontgen.com\/wp-doctor\/wp-content\/uploads\/2008\/12\/icon_mini_faq.gif\" width=\"12\" height=\"13\" \/> \u00c4r orolig efter att ha r\u00f6ntgat mitt b\u00e4cken\/h\u00f6fter samt fotled efter en ridolycka f\u00f6r fem veckor sedan. Fick ig\u00e5r veta att jag \u00e4r gravid. Hur p\u00e5verkar detta barnet? \u00c4r i ca: vecka 9 nu.<\/p>\n<p><img loading=\"lazy\" decoding=\"async\" class=\"alignleft size-full wp-image-85\" style=\"border: 0pt none;\" title=\"Svar\" alt=\"\" src=\"http:\/\/rontgen.com\/wp-doctor\/wp-content\/uploads\/2008\/12\/icon_mini_register.gif\" width=\"12\" height=\"13\" \/>M\u00e4ngden str\u00e5lning som fostret har utsatts f\u00f6r \u00e4r liten, och med st\u00f6rsta sannolikhet har fostret inte p\u00e5verkats alls av str\u00e5lningen. Bestr\u00e5lningen har tydligen skett under vecka 4, och s\u00e5 tidigt under graviditeten \u00e4r fostret inte speciellt k\u00e4nsligt f\u00f6r str\u00e5lning, \u00e5tminstone inte d\u00e5 det r\u00f6r sig om sm\u00e5 str\u00e5ldoser som i det nu aktuella fallet.<\/p>\n<p><img loading=\"lazy\" decoding=\"async\" width=\"12\" height=\"13\" class=\"alignleft size-full wp-image-83\" style=\"border: 0pt none;\" title=\"Svarat av\" alt=\"\" src=\"http:\/\/rontgen.com\/wp-doctor\/wp-content\/uploads\/2008\/12\/icon_mini_profile.gif\" \/> M. O., sjukhusfysiker<br \/>\nR\u00f6ntgen Helsingborg<\/p>\n","protected":false},"excerpt":{"rendered":"<p>\u00c4r orolig efter att ha r\u00f6ntgat mitt b\u00e4cken\/h\u00f6fter samt fotled efter en ridolycka [&hellip;]<\/p>\n","protected":false},"author":1,"featured_media":0,"comment_status":"open","ping_status":"closed","sticky":false,"template":"","format":"standard","meta":{"footnotes":""},"categories":[11],"tags":[17,15],"class_list":["post-5654","post","type-post","status-publish","format-standard","hentry","category-annat","tag-graviditet","tag-stralning"],"_links":{"self":[{"href":"https:\/\/www.rontgen.com\/wp-doctor\/wp-json\/wp\/v2\/posts\/5654","targetHints":{"allow":["GET"]}}],"collection":[{"href":"https:\/\/www.rontgen.com\/wp-doctor\/wp-json\/wp\/v2\/posts"}],"about":[{"href":"https:\/\/www.rontgen.com\/wp-doctor\/wp-json\/wp\/v2\/types\/post"}],"author":[{"embeddable":true,"href":"https:\/\/www.rontgen.com\/wp-doctor\/wp-json\/wp\/v2\/users\/1"}],"replies":[{"embeddable":true,"href":"https:\/\/www.rontgen.com\/wp-doctor\/wp-json\/wp\/v2\/comments?post=5654"}],"version-history":[{"count":0,"href":"https:\/\/www.rontgen.com\/wp-doctor\/wp-json\/wp\/v2\/posts\/5654\/revisions"}],"wp:attachment":[{"href":"https:\/\/www.rontgen.com\/wp-doctor\/wp-json\/wp\/v2\/media?parent=5654"}],"wp:term":[{"taxonomy":"category","embeddable":true,"href":"https:\/\/www.rontgen.com\/wp-doctor\/wp-json\/wp\/v2\/categories?post=5654"},{"taxonomy":"post_tag","embeddable":true,"href":"https:\/\/www.rontgen.com\/wp-doctor\/wp-json\/wp\/v2\/tags?post=5654"}],"curies":[{"name":"wp","href":"https:\/\/api.w.org\/{rel}","templated":true}]}}