{"id":5589,"date":"2012-08-29T16:02:31","date_gmt":"2012-08-29T15:02:31","guid":{"rendered":"http:\/\/www.rontgen.com\/wp-doctor\/?p=5589"},"modified":"2012-10-02T15:36:22","modified_gmt":"2012-10-02T14:36:22","slug":"ont-langs-ryggen-efter-kontrast","status":"publish","type":"post","link":"https:\/\/www.rontgen.com\/wp-doctor\/ont-langs-ryggen-efter-kontrast","title":{"rendered":"Ont l\u00e4ngs ryggen efter kontrast"},"content":{"rendered":"<p><img loading=\"lazy\" decoding=\"async\" class=\"alignleft\" style=\"border: 0pt none;\" title=\"Fr\u00e5ga\" src=\"https:\/\/www.rontgen.com\/wp-doctor\/wp-content\/uploads\/2008\/12\/icon_mini_faq.gif\" alt=\"\" width=\"12\" height=\"13\" \/> Var p\u00e5 DT av hj\u00e4rna ig\u00e5r och fick kontrast v\u00e4tska i blodet, idag 24 timmar senare har jag inte n\u00e5gon v\u00e4rk n\u00e4r jag \u00e4r still, men direkt jag r\u00f6r p\u00e5 mig och g\u00f6r r\u00f6relser, s\u00e5 har jag j\u00e4drans v\u00e4rk fr\u00e5n nacke &#8211; ner till svank, vad beror det p\u00e5? Ilar som i hela ryggen, och kring njurarna.<\/p>\n<p><img loading=\"lazy\" decoding=\"async\" class=\"alignleft\" style=\"border: 0pt none;\" title=\"Svar\" src=\"https:\/\/www.rontgen.com\/wp-doctor\/wp-content\/uploads\/2008\/12\/icon_mini_register.gif\" alt=\"\" width=\"12\" height=\"13\" \/> Detta har h\u00f6gst troligen inget att g\u00f6ra med kontrastmedlet du f\u00e5tt.<\/p>\n<p>Att kontrast kan ha biverkningar av olika genes \u00e4r v\u00e4l k\u00e4nnt samt oftast <em>hur<\/em> och <em>n\u00e4r<\/em> risk f\u00f6r detta f\u00f6religger. De vanligaste, trots mycket s\u00e4llan f\u00f6rekommande, biverkningarna efter kontrast till blodet, via en n\u00e5l i armen vilket \u00e4r den absolut vanligaste tillf\u00f6rseln av kontrast, \u00e4r ev. illam\u00e5ende, utslag och huvudv\u00e4rk.<br \/>\nDen helt klart vanligaste &#8221;obehagsk\u00e4nslan&#8221; man upplever efter kontrastinjektionen \u00e4r en snabbt \u00f6verg\u00e5ende (inom 1min.) v\u00e4rmek\u00e4nsla i kroppen. Detta upplever n\u00e4stan alla patienter mer eller mindre och anses av oss normalt inte som en biverkning.<br \/>\nOm du d\u00e4remot hade f\u00e5tt kontrast insprutad i eller intill ryggkanalen s\u00e5 kan ev. symtom i form av nack- och ryggsm\u00e4rtor uppkomma.<\/p>\n<p>Symtom s\u00e5 h\u00e4r i efterhand kan vi inte f\u00f6rklara eller ge kontrastmedlet skulden f\u00f6r. Man ligger ju inte s\u00e5 bekv\u00e4mt vid unders\u00f6kningen s\u00e5 har man besv\u00e4r fr\u00e5n nacke eller rygg sedan tidigare&#8230;..<\/p>\n<p>Har man upplevt obehag oavsett vad under eller efter en unders\u00f6kning s\u00e5 ska man alltid n\u00e4mna detta f\u00f6r personalen p\u00e5 r\u00f6ntgen n\u00e4sta g\u00e5ng en liknande unders\u00f6kning ska g\u00f6ras.<\/p>\n<p><img loading=\"lazy\" decoding=\"async\" class=\"alignleft\" style=\"border: 0pt none;\" title=\"Svarat av\" src=\"https:\/\/www.rontgen.com\/wp-doctor\/wp-content\/uploads\/2008\/12\/icon_mini_profile.gif\" alt=\"\" width=\"12\" height=\"13\" \/> K.T. rtgssk<br \/>\nR\u00f6ntgen Helsingborg<\/p>\n<p>&nbsp;<\/p>\n","protected":false},"excerpt":{"rendered":"<p>Var p\u00e5 DT av hj\u00e4rna ig\u00e5r och fick kontrast v\u00e4tska i blodet, idag [&hellip;]<\/p>\n","protected":false},"author":1,"featured_media":0,"comment_status":"open","ping_status":"closed","sticky":false,"template":"","format":"standard","meta":{"footnotes":""},"categories":[11],"tags":[87,142,38,60],"class_list":["post-5589","post","type-post","status-publish","format-standard","hentry","category-annat","tag-biverkning","tag-ct","tag-kontrast","tag-skalle"],"_links":{"self":[{"href":"https:\/\/www.rontgen.com\/wp-doctor\/wp-json\/wp\/v2\/posts\/5589","targetHints":{"allow":["GET"]}}],"collection":[{"href":"https:\/\/www.rontgen.com\/wp-doctor\/wp-json\/wp\/v2\/posts"}],"about":[{"href":"https:\/\/www.rontgen.com\/wp-doctor\/wp-json\/wp\/v2\/types\/post"}],"author":[{"embeddable":true,"href":"https:\/\/www.rontgen.com\/wp-doctor\/wp-json\/wp\/v2\/users\/1"}],"replies":[{"embeddable":true,"href":"https:\/\/www.rontgen.com\/wp-doctor\/wp-json\/wp\/v2\/comments?post=5589"}],"version-history":[{"count":0,"href":"https:\/\/www.rontgen.com\/wp-doctor\/wp-json\/wp\/v2\/posts\/5589\/revisions"}],"wp:attachment":[{"href":"https:\/\/www.rontgen.com\/wp-doctor\/wp-json\/wp\/v2\/media?parent=5589"}],"wp:term":[{"taxonomy":"category","embeddable":true,"href":"https:\/\/www.rontgen.com\/wp-doctor\/wp-json\/wp\/v2\/categories?post=5589"},{"taxonomy":"post_tag","embeddable":true,"href":"https:\/\/www.rontgen.com\/wp-doctor\/wp-json\/wp\/v2\/tags?post=5589"}],"curies":[{"name":"wp","href":"https:\/\/api.w.org\/{rel}","templated":true}]}}