{"id":5229,"date":"2012-03-28T09:29:09","date_gmt":"2012-03-28T08:29:09","guid":{"rendered":"http:\/\/www.rontgen.com\/wp-doctor\/?p=5229"},"modified":"2012-03-27T23:36:13","modified_gmt":"2012-03-27T22:36:13","slug":"halsskydd-vid-lungrontgen","status":"publish","type":"post","link":"https:\/\/www.rontgen.com\/wp-doctor\/halsskydd-vid-lungrontgen","title":{"rendered":"Halsskydd vid lungr\u00f6ntgen"},"content":{"rendered":"<p><img loading=\"lazy\" decoding=\"async\" class=\"alignleft\" style=\"border-width: 0px;\" title=\"Fr\u00e5ga\" src=\"https:\/\/www.rontgen.com\/wp-doctor\/wp-content\/uploads\/2008\/12\/icon_mini_faq.gif\" alt=\"\" width=\"12\" height=\"13\" \/>\u00a0Min l\u00e4kare vill att jag lungr\u00f6ntgar mej f\u00f6r TBC. Jag har en l\u00e4tt underfunktion p\u00e5 sk\u00f6ldk\u00f6rteln. Har l\u00e4st att den \u00e4r k\u00e4slig f\u00f6r r\u00f6ntgen. Finns det skydd runt den\/halsen vid r\u00f6ntgen? Man f\u00e5r ju det hos tandl\u00e4karen nu f\u00f6r tiden.<\/p>\n<p><img loading=\"lazy\" decoding=\"async\" class=\"alignleft\" style=\"border-width: 0px;\" title=\"Svar\" src=\"https:\/\/www.rontgen.com\/wp-doctor\/wp-content\/uploads\/2008\/12\/icon_mini_register.gif\" alt=\"\" width=\"12\" height=\"13\" \/>\u00a0Man anv\u00e4nder inte n\u00e5got str\u00e5lskydd \u00f6ver halsen vid lungr\u00f6ntgen, eftersom skyddet kan medf\u00f6ra att man f\u00f6rlorar viktig information i bilden. Visserligen \u00e4r sk\u00f6ldk\u00f6rteln ett s\u00e5 kallat str\u00e5lningsk\u00e4nsligt organ, men eftersom lungr\u00f6ntgen g\u00f6rs med mycket sm\u00e5 str\u00e5ldoser \u00e4r det inget problem. Din sk\u00f6ldk\u00f6rtel kommer inte att f\u00e5 f\u00f6rs\u00e4mrad funktion till f\u00f6ljd av lungr\u00f6ntgen.<\/p>\n<p><img loading=\"lazy\" decoding=\"async\" class=\"alignleft\" style=\"border-width: 0px;\" title=\"Svarat av\" src=\"https:\/\/www.rontgen.com\/wp-doctor\/wp-content\/uploads\/2008\/12\/icon_mini_profile.gif\" alt=\"\" width=\"12\" height=\"13\" \/>\u00a0M. O. sjukhusfysiker<br \/>\nR\u00f6ntgen Helsingborg<\/p>\n","protected":false},"excerpt":{"rendered":"<p>\u00a0Min l\u00e4kare vill att jag lungr\u00f6ntgar mej f\u00f6r TBC. Jag har en l\u00e4tt [&hellip;]<\/p>\n","protected":false},"author":1,"featured_media":0,"comment_status":"open","ping_status":"closed","sticky":false,"template":"","format":"standard","meta":{"footnotes":""},"categories":[11],"tags":[85,15],"class_list":["post-5229","post","type-post","status-publish","format-standard","hentry","category-annat","tag-blyskydd","tag-stralning"],"_links":{"self":[{"href":"https:\/\/www.rontgen.com\/wp-doctor\/wp-json\/wp\/v2\/posts\/5229","targetHints":{"allow":["GET"]}}],"collection":[{"href":"https:\/\/www.rontgen.com\/wp-doctor\/wp-json\/wp\/v2\/posts"}],"about":[{"href":"https:\/\/www.rontgen.com\/wp-doctor\/wp-json\/wp\/v2\/types\/post"}],"author":[{"embeddable":true,"href":"https:\/\/www.rontgen.com\/wp-doctor\/wp-json\/wp\/v2\/users\/1"}],"replies":[{"embeddable":true,"href":"https:\/\/www.rontgen.com\/wp-doctor\/wp-json\/wp\/v2\/comments?post=5229"}],"version-history":[{"count":0,"href":"https:\/\/www.rontgen.com\/wp-doctor\/wp-json\/wp\/v2\/posts\/5229\/revisions"}],"wp:attachment":[{"href":"https:\/\/www.rontgen.com\/wp-doctor\/wp-json\/wp\/v2\/media?parent=5229"}],"wp:term":[{"taxonomy":"category","embeddable":true,"href":"https:\/\/www.rontgen.com\/wp-doctor\/wp-json\/wp\/v2\/categories?post=5229"},{"taxonomy":"post_tag","embeddable":true,"href":"https:\/\/www.rontgen.com\/wp-doctor\/wp-json\/wp\/v2\/tags?post=5229"}],"curies":[{"name":"wp","href":"https:\/\/api.w.org\/{rel}","templated":true}]}}