{"id":5051,"date":"2012-01-19T16:31:48","date_gmt":"2012-01-19T15:31:48","guid":{"rendered":"http:\/\/www.rontgen.com\/wp-doctor\/?p=5051"},"modified":"2012-01-19T16:33:09","modified_gmt":"2012-01-19T15:33:09","slug":"orsak-till-beno","status":"publish","type":"post","link":"https:\/\/www.rontgen.com\/wp-doctor\/orsak-till-beno","title":{"rendered":"Orsak till ben\u00f6"},"content":{"rendered":"<p><img loading=\"lazy\" decoding=\"async\" class=\"alignleft\" style=\"border: 0pt none;\" title=\"Fr\u00e5ga\" src=\"https:\/\/www.rontgen.com\/wp-doctor\/wp-content\/uploads\/2008\/12\/icon_mini_faq.gif\" alt=\"\" width=\"12\" height=\"13\" \/> Kan man f\u00e5 en kompakt \u00f6 efter en bilolycka?<\/p>\n<p><img loading=\"lazy\" decoding=\"async\" class=\"alignleft\" style=\"border: 0pt none;\" title=\"Svar\" src=\"https:\/\/www.rontgen.com\/wp-doctor\/wp-content\/uploads\/2008\/12\/icon_mini_register.gif\" alt=\"\" width=\"12\" height=\"13\" \/> Troligen inte. Varf\u00f6r en ben\u00f6 (kompakt ben) uppst\u00e5r vet vi inte s\u00e4kert.<br \/>\nEn <em>ben\u00f6<\/em> \u00e4r ett kortikalt benparti som uppst\u00e5r i mjukare och blodk\u00e4rlsrik spongi\u00f6s benm\u00e4rg. &#8221;Normalt&#8221; ska benm\u00e4rgen inte f\u00f6rbenas s\u00e5 h\u00e4r utan\u00a0 har d\u00e5 funnits sedan uppv\u00e4xttiden. Detta f\u00f6rbenade parti i medull\u00e4rt ben \u00e4r oftast helt ofarlig. En ben\u00f6 \u00e5terfinner man oftast av en tillf\u00e4llighet inom r\u00f6rbenens \u00e4ndar, \u00f6verarmshuvudet (axeln), kotkropp, etx.<br \/>\nOm man d\u00e4remot har multipla spridda ben\u00f6ar kan det ibland finnas en annan benpatologi bakom.<\/p>\n<p>Detta med <em>etiologisk diagnos<\/em> av ben kan dock en ortoped b\u00e4ttre.<\/p>\n<p><img loading=\"lazy\" decoding=\"async\" class=\"alignleft\" style=\"border: 0pt none;\" title=\"Svarat av\" src=\"https:\/\/www.rontgen.com\/wp-doctor\/wp-content\/uploads\/2008\/12\/icon_mini_profile.gif\" alt=\"\" width=\"12\" height=\"13\" \/> K.T. rtgssk<br \/>\nR\u00f6ntgen Helsingborg<\/p>\n","protected":false},"excerpt":{"rendered":"<p>Kan man f\u00e5 en kompakt \u00f6 efter en bilolycka? Troligen inte. Varf\u00f6r en [&hellip;]<\/p>\n","protected":false},"author":1,"featured_media":0,"comment_status":"closed","ping_status":"open","sticky":false,"template":"","format":"standard","meta":{"footnotes":""},"categories":[11],"tags":[57],"class_list":["post-5051","post","type-post","status-publish","format-standard","hentry","category-annat","tag-ordforklaring"],"_links":{"self":[{"href":"https:\/\/www.rontgen.com\/wp-doctor\/wp-json\/wp\/v2\/posts\/5051","targetHints":{"allow":["GET"]}}],"collection":[{"href":"https:\/\/www.rontgen.com\/wp-doctor\/wp-json\/wp\/v2\/posts"}],"about":[{"href":"https:\/\/www.rontgen.com\/wp-doctor\/wp-json\/wp\/v2\/types\/post"}],"author":[{"embeddable":true,"href":"https:\/\/www.rontgen.com\/wp-doctor\/wp-json\/wp\/v2\/users\/1"}],"replies":[{"embeddable":true,"href":"https:\/\/www.rontgen.com\/wp-doctor\/wp-json\/wp\/v2\/comments?post=5051"}],"version-history":[{"count":0,"href":"https:\/\/www.rontgen.com\/wp-doctor\/wp-json\/wp\/v2\/posts\/5051\/revisions"}],"wp:attachment":[{"href":"https:\/\/www.rontgen.com\/wp-doctor\/wp-json\/wp\/v2\/media?parent=5051"}],"wp:term":[{"taxonomy":"category","embeddable":true,"href":"https:\/\/www.rontgen.com\/wp-doctor\/wp-json\/wp\/v2\/categories?post=5051"},{"taxonomy":"post_tag","embeddable":true,"href":"https:\/\/www.rontgen.com\/wp-doctor\/wp-json\/wp\/v2\/tags?post=5051"}],"curies":[{"name":"wp","href":"https:\/\/api.w.org\/{rel}","templated":true}]}}