{"id":5025,"date":"2012-01-13T12:26:33","date_gmt":"2012-01-13T11:26:33","guid":{"rendered":"http:\/\/www.rontgen.com\/wp-doctor\/?p=5025"},"modified":"2012-01-13T12:26:33","modified_gmt":"2012-01-13T11:26:33","slug":"att-fa-egna-bilder-bedomda","status":"publish","type":"post","link":"https:\/\/www.rontgen.com\/wp-doctor\/att-fa-egna-bilder-bedomda","title":{"rendered":"Att f\u00e5 egna bilder bed\u00f6mda"},"content":{"rendered":"<p><img loading=\"lazy\" decoding=\"async\" class=\"alignleft\" style=\"border: 0pt none;\" title=\"Fr\u00e5ga\" src=\"https:\/\/www.rontgen.com\/wp-doctor\/wp-content\/uploads\/2008\/12\/icon_mini_faq.gif\" alt=\"\" width=\"12\" height=\"13\" \/> Jag har en odiagnostiserad ljumsksm\u00e4rta sedan 5 \u00e5r tillbaka v\u00e4+h\u00f6. Vill ha en (&#8221;second opinion&#8221;) p\u00e5 mitt MR material (B\u00e4cken, h\u00f6ft och l\u00e4ndrygg). \u00c4r det n\u00e5got ni kan hj\u00e4lpa till med? Bilderna finns p\u00e5 CD som jag kan skicka om intresse finns.<\/p>\n<p><img loading=\"lazy\" decoding=\"async\" class=\"alignleft\" style=\"border: 0pt none;\" title=\"Svar\" src=\"https:\/\/www.rontgen.com\/wp-doctor\/wp-content\/uploads\/2008\/12\/icon_mini_register.gif\" alt=\"\" width=\"12\" height=\"13\" \/> Detta \u00e4r inget vi kan hj\u00e4lpa dig med.<\/p>\n<p>Vi har ingen &#8221;direktkontakt&#8221; s\u00e5 h\u00e4r med patienter med &#8221;egna&#8221; r\u00f6ntgenbilder.<br \/>\nOm man \u00f6nskar en sk. second-opinion p\u00e5 egna bilder ska man kontakta en klinisk l\u00e4kare (remissf\u00f6reskrivare) som d\u00e5, om denne anser det befogat, f\u00e5r skicka en remiss till en r\u00f6ntgenavdelning.<br \/>\nR\u00f6ntgenbilderna bed\u00f6ms d\u00e5 p\u00e5 nytt och kan \u00e4ven f\u00e5 en sk. &#8221;demonstration&#8221; av dessa inf\u00f6r tex. ortoped-l\u00e4kare, etc.<br \/>\nEtt nytt skrivet svar f\u00e5s sedan efter denna nya bed\u00f6mning av bilderna som skickas till din l\u00e4kare som beg\u00e4rt denna.<\/p>\n<p>Men som sagt g\u00e5r det inte som privatperson p\u00e5 eget bev\u00e5g f\u00e5 bed\u00f6mt egna tidigare tagna bilder.<\/p>\n<p><img loading=\"lazy\" decoding=\"async\" class=\"alignleft\" style=\"border: 0pt none;\" title=\"Svarat av\" src=\"https:\/\/www.rontgen.com\/wp-doctor\/wp-content\/uploads\/2008\/12\/icon_mini_profile.gif\" alt=\"\" width=\"12\" height=\"13\" \/> K.T. rtgssk<br \/>\nR\u00f6ntgen Helsingborg<\/p>\n","protected":false},"excerpt":{"rendered":"<p>Jag har en odiagnostiserad ljumsksm\u00e4rta sedan 5 \u00e5r tillbaka v\u00e4+h\u00f6. Vill ha en [&hellip;]<\/p>\n","protected":false},"author":1,"featured_media":0,"comment_status":"closed","ping_status":"open","sticky":false,"template":"","format":"standard","meta":{"footnotes":""},"categories":[11],"tags":[64,81,39],"class_list":["post-5025","post","type-post","status-publish","format-standard","hentry","category-annat","tag-bilder","tag-remiss","tag-svaret"],"_links":{"self":[{"href":"https:\/\/www.rontgen.com\/wp-doctor\/wp-json\/wp\/v2\/posts\/5025","targetHints":{"allow":["GET"]}}],"collection":[{"href":"https:\/\/www.rontgen.com\/wp-doctor\/wp-json\/wp\/v2\/posts"}],"about":[{"href":"https:\/\/www.rontgen.com\/wp-doctor\/wp-json\/wp\/v2\/types\/post"}],"author":[{"embeddable":true,"href":"https:\/\/www.rontgen.com\/wp-doctor\/wp-json\/wp\/v2\/users\/1"}],"replies":[{"embeddable":true,"href":"https:\/\/www.rontgen.com\/wp-doctor\/wp-json\/wp\/v2\/comments?post=5025"}],"version-history":[{"count":0,"href":"https:\/\/www.rontgen.com\/wp-doctor\/wp-json\/wp\/v2\/posts\/5025\/revisions"}],"wp:attachment":[{"href":"https:\/\/www.rontgen.com\/wp-doctor\/wp-json\/wp\/v2\/media?parent=5025"}],"wp:term":[{"taxonomy":"category","embeddable":true,"href":"https:\/\/www.rontgen.com\/wp-doctor\/wp-json\/wp\/v2\/categories?post=5025"},{"taxonomy":"post_tag","embeddable":true,"href":"https:\/\/www.rontgen.com\/wp-doctor\/wp-json\/wp\/v2\/tags?post=5025"}],"curies":[{"name":"wp","href":"https:\/\/api.w.org\/{rel}","templated":true}]}}