{"id":4894,"date":"2011-11-18T13:18:25","date_gmt":"2011-11-18T12:18:25","guid":{"rendered":"http:\/\/www.rontgen.com\/wp-doctor\/?p=4894"},"modified":"2011-11-18T21:40:50","modified_gmt":"2011-11-18T20:40:50","slug":"om-behovet-att-rontgas","status":"publish","type":"post","link":"https:\/\/www.rontgen.com\/wp-doctor\/om-behovet-att-rontgas","title":{"rendered":"Om behovet att r\u00f6ntgas"},"content":{"rendered":"<p><img loading=\"lazy\" decoding=\"async\" class=\"alignleft\" style=\"border: 0pt none;\" title=\"Fr\u00e5ga\" src=\"https:\/\/www.rontgen.com\/wp-doctor\/wp-content\/uploads\/2008\/12\/icon_mini_faq.gif\" alt=\"\" width=\"12\" height=\"13\" \/> Jag har och lider av migr\u00e4n och huvudv\u00e4rk sedan jag var 15 \u00e5r nu \u00e4r jag strax \u00f6ver 40 \u00e5r. H\u00e5rd massage p\u00e5 punkter i skuldror, nacke och huvud samt kiropraktik fungerar f\u00f6r min sm\u00e4rta. Samt att jag kontinuerligt tar Zomig n\u00e4sspray, Imigran och Alvedon . Jag har &#8221;k\u00e4mpat&#8221; i alla \u00e5r med att jobba och leva med sm\u00e4rtan men det \u00e4r tungt. \u00d6vertygad om att stress och personlighet ocks\u00e5 har med detta att g\u00f6ra men det \u00e4r mycket p\u00e5 frestande att st\u00e4ndigt ha ont. Och jag \u00e4r f\u00f6rtvivlad och ensam i detta.<br \/>\nMin HC l\u00e4kare anser att jag har ont pga mitt jobb och min personlighet. Jag har f\u00f6rst\u00e5tt att det s\u00e4llan \u00e4r st\u00f6rre fel p\u00e5 patienter som mig. Men det \u00e4r sv\u00e5rt att inte bli orolig av detta. Jag k\u00e4nner mig &#8221;sned&#8221; i v\u00e4nster sida av ansiktet (dock knappt synbart) har vid tillf\u00e4llen blivit bortdomnad i ansiktets ena sida. Har oftare bortdomningar i arm och fingrar. Krypningar i axlar och nacke. Br\u00e4nnan k\u00e4nsla i hj\u00e4rnans v\u00e4nstra sida har h\u00e4nt ett flertal ggr men !<br \/>\ng\u00e5r snabbt \u00f6ver. Klart jag blir orolig i f a det \u00e4r n\u00e5got farligt? Eller en liten blodpropp eller annat. Vad vet jag? Jag vet bara att jag har ont. Jag har \u00e4ven som 10 \u00e5ring fallit fr\u00e5n liten h\u00f6jd ner p\u00e5 min nacke. Jag har l\u00e4st om Atlaskotan en klinik som kan r\u00e4tta till den kotan.<\/p>\n<p>N\u00e5got m\u00e5ste g\u00f6ras. Anser ni att r\u00f6ntgen av min nacke och hj\u00e4rna kan vara en god id\u00e9? Och hur skall jag f\u00e5 min l\u00e4kare att skriva remiss p\u00e5 magnetr\u00f6ntgen? Om han inte vill, kan jag bekosta detta sj\u00e4lv och vart? Under kort tid s\u00e5 har 2 personer i min \u00e5ldersgrupp \u00e5kt upp p\u00e5 akuten med symptomer som mina och det har varit l\u00e4ttare hj\u00e4rnbl\u00f6ding. Problemet \u00e4r att jag som st\u00e4ndigt har ont, st\u00e4ndigt har en tr\u00f6tt v\u00e4rkande hj\u00e4rna har suddat ut gr\u00e4nserna om vad som \u00e4r migr\u00e4n, stress eller n\u00e5got allvarligare.<\/p>\n<p><img loading=\"lazy\" decoding=\"async\" class=\"alignleft\" style=\"border: 0pt none;\" title=\"Svar\" src=\"https:\/\/www.rontgen.com\/wp-doctor\/wp-content\/uploads\/2008\/12\/icon_mini_register.gif\" alt=\"\" width=\"12\" height=\"13\" \/> Oj detta var en komplex anamnes&#8230;. V\u00e5ra radiologer har ingen m\u00f6jlighet eller kunskap att bena ut alla\u00a0dessa kliniska symtom och ge dig en vettig f\u00f6rklaring eller trolig diagnos.<\/p>\n<p>Har man kroniska sm\u00e4rtor eller symtom som inte g\u00e5r \u00f6ver s\u00e5 kan det finnas anledning till att n\u00e4rmare unders\u00f6ka orsaker. Framf\u00f6r allt om detta sedan tidigare inte \u00e4r gjort. Dvs. du tidigare inte har gjort en r\u00f6ntgen av nacke och ev. skallen. M\u00e5nga sjukdomar inom r\u00f6relseapparaten g\u00e5r att behandla eller lindra idag om man bara kan s\u00e4tta fingret p\u00e5 orsaken.<br \/>\nDet finns idag flera privata v\u00e5rdakt\u00f6rer inom bla. Stockholms-omr\u00e5det som b\u00e5de unders\u00f6ker, r\u00f6ntgar och ev. g\u00f6r en MR om behovet finns f\u00f6r diagnosen. Detta b\u00e5de till vanlig patientaxa (f\u00f6rs\u00e4kringsansluten) som ev. sj\u00e4lvkostnadspris. S\u00f6k dessa p\u00e5 Internet och kontakta dom.<\/p>\n<p>Man kan enligt lagen inte kr\u00e4va en unders\u00f6kning som inte f\u00f6rordas av en legitimerad l\u00e4kare eller annan remissf\u00f6reskrivare.<br \/>\n\u00c4r man inte n\u00f6jd med sin doktor har man dock r\u00e4tt och det kan \u00e4ven vara befogat att g\u00e5 till en annan l\u00e4kare. Om inte annat s\u00e5 f\u00e5r man d\u00e5 en sk. &#8221;<em>second opinion<\/em>&#8221;.<\/p>\n<p><img loading=\"lazy\" decoding=\"async\" class=\"alignleft\" style=\"border: 0px;\" title=\"Svarat av\" src=\"https:\/\/www.rontgen.com\/wp-doctor\/wp-content\/uploads\/2008\/12\/icon_mini_profile.gif\" alt=\"\" width=\"12\" height=\"13\" \/>\u00a0K.T. rtgssk<br \/>\nR\u00f6ntgenavdelningen Helsingborgs lasarett<\/p>\n","protected":false},"excerpt":{"rendered":"<p>Jag har och lider av migr\u00e4n och huvudv\u00e4rk sedan jag var 15 \u00e5r [&hellip;]<\/p>\n","protected":false},"author":1,"featured_media":0,"comment_status":"open","ping_status":"open","sticky":false,"template":"","format":"standard","meta":{"footnotes":""},"categories":[11],"tags":[141,60,24],"class_list":["post-4894","post","type-post","status-publish","format-standard","hentry","category-annat","tag-mr","tag-skalle","tag-undersokning"],"_links":{"self":[{"href":"https:\/\/www.rontgen.com\/wp-doctor\/wp-json\/wp\/v2\/posts\/4894","targetHints":{"allow":["GET"]}}],"collection":[{"href":"https:\/\/www.rontgen.com\/wp-doctor\/wp-json\/wp\/v2\/posts"}],"about":[{"href":"https:\/\/www.rontgen.com\/wp-doctor\/wp-json\/wp\/v2\/types\/post"}],"author":[{"embeddable":true,"href":"https:\/\/www.rontgen.com\/wp-doctor\/wp-json\/wp\/v2\/users\/1"}],"replies":[{"embeddable":true,"href":"https:\/\/www.rontgen.com\/wp-doctor\/wp-json\/wp\/v2\/comments?post=4894"}],"version-history":[{"count":0,"href":"https:\/\/www.rontgen.com\/wp-doctor\/wp-json\/wp\/v2\/posts\/4894\/revisions"}],"wp:attachment":[{"href":"https:\/\/www.rontgen.com\/wp-doctor\/wp-json\/wp\/v2\/media?parent=4894"}],"wp:term":[{"taxonomy":"category","embeddable":true,"href":"https:\/\/www.rontgen.com\/wp-doctor\/wp-json\/wp\/v2\/categories?post=4894"},{"taxonomy":"post_tag","embeddable":true,"href":"https:\/\/www.rontgen.com\/wp-doctor\/wp-json\/wp\/v2\/tags?post=4894"}],"curies":[{"name":"wp","href":"https:\/\/api.w.org\/{rel}","templated":true}]}}