{"id":4883,"date":"2011-11-14T15:10:47","date_gmt":"2011-11-14T14:10:47","guid":{"rendered":"http:\/\/www.rontgen.com\/wp-doctor\/?p=4883"},"modified":"2011-11-14T19:18:03","modified_gmt":"2011-11-14T18:18:03","slug":"4883","status":"publish","type":"post","link":"https:\/\/www.rontgen.com\/wp-doctor\/4883","title":{"rendered":"Sol\u00f6verk\u00e4nslig av MR"},"content":{"rendered":"<p><img loading=\"lazy\" decoding=\"async\" class=\"alignleft\" style=\"border: 0pt none;\" title=\"Fr\u00e5ga\" src=\"https:\/\/www.rontgen.com\/wp-doctor\/wp-content\/uploads\/2008\/12\/icon_mini_faq.gif\" alt=\"\" width=\"12\" height=\"13\" \/> Jag undrar om det finns n\u00e5got samband med Magnetkameraunders\u00f6kning av hj\u00e4rna\/nacke\/rygg och v\u00e4rme eller sol \u00f6verk\u00e4nslighet?<\/p>\n<p>Gjorde MR f\u00f6rsta g\u00e5ngen f\u00f6r ca 2 \u00e5r sen och fick d\u00e4refter min MS diafnos. Efter den f\u00f6rsta MR unders\u00f6kningen s\u00e5 f\u00e5r jag alltid kliande r\u00f6da utslag p\u00e5 kroppen s\u00e5 fort jag blir f\u00f6r varm eller g\u00e5r ut i solen. Detta upptod i b\u00f6rjan bara utomlands men efter min andra MR f\u00f6r ca 1 \u00e5 sen s\u00e5 f\u00e5r jag utslagen hemma i sverige. F\u00e5r dessa n\u00e4r det \u00e4r varmt \u00e4ven om jag inte \u00e4r i direkt solljus. Jag \u00e4r bara 22 \u00e5r gammal och lider fruktansv\u00e4rt av dessa utslag och det \u00e4r sv\u00e5rt f\u00f6r mig att jobba eftersom jag jobbar utomhus. Om det skulle vara s\u00e5 att det finns ett samband s\u00e5 har jag i alla fall f\u00e5tt svar p\u00e5 varf\u00f6r jag f\u00e5r dessa problem.<\/p>\n<p><img loading=\"lazy\" decoding=\"async\" class=\"alignleft\" style=\"border: 0pt none;\" title=\"Svar\" src=\"https:\/\/www.rontgen.com\/wp-doctor\/wp-content\/uploads\/2008\/12\/icon_mini_register.gif\" alt=\"\" width=\"12\" height=\"13\" \/> Fr\u00e5gan \u00e4r komplicerad och det finns inget enkelt svar. Det \u00e4r s\u00e4llsynt med biverkningar i samband med MR-unders\u00f6kningar. Vid en MR-unders\u00f6kning tillf\u00f6rs kroppen energi som leder till att kroppstemperaturen \u00f6kar n\u00e5gra tiondels grader. Detta \u00e4r ungef\u00e4r samma temperaturh\u00f6jning som man f\u00e5r p\u00e5 grund av muskelarbete om man g\u00e5r uppf\u00f6r n\u00e5gra trappor. Ibland anv\u00e4nds \u00e4ven kontrastmedel vid MR-unders\u00f6kningar, men biverkningar \u00e4r ovanliga.<\/p>\n<p>Vad som orsakat dina problem vet jag inte. Jag kan varken bekr\u00e4fta eller dementera MR-unders\u00f6kningarnas betydelse.<\/p>\n<p><img loading=\"lazy\" decoding=\"async\" class=\"alignleft\" style=\"border: 0pt none;\" title=\"Svarat av\" src=\"https:\/\/www.rontgen.com\/wp-doctor\/wp-content\/uploads\/2008\/12\/icon_mini_profile.gif\" alt=\"\" width=\"12\" height=\"13\" \/> M. O. sjukhusfysiker<br \/>\nR\u00f6ntgenavdelningen, Helsingborgs lasarett<\/p>\n","protected":false},"excerpt":{"rendered":"<p>Jag undrar om det finns n\u00e5got samband med Magnetkameraunders\u00f6kning av hj\u00e4rna\/nacke\/rygg och v\u00e4rme [&hellip;]<\/p>\n","protected":false},"author":1,"featured_media":0,"comment_status":"open","ping_status":"open","sticky":false,"template":"","format":"standard","meta":{"footnotes":""},"categories":[5],"tags":[87,141],"class_list":["post-4883","post","type-post","status-publish","format-standard","hentry","category-mr","tag-biverkning","tag-mr"],"_links":{"self":[{"href":"https:\/\/www.rontgen.com\/wp-doctor\/wp-json\/wp\/v2\/posts\/4883","targetHints":{"allow":["GET"]}}],"collection":[{"href":"https:\/\/www.rontgen.com\/wp-doctor\/wp-json\/wp\/v2\/posts"}],"about":[{"href":"https:\/\/www.rontgen.com\/wp-doctor\/wp-json\/wp\/v2\/types\/post"}],"author":[{"embeddable":true,"href":"https:\/\/www.rontgen.com\/wp-doctor\/wp-json\/wp\/v2\/users\/1"}],"replies":[{"embeddable":true,"href":"https:\/\/www.rontgen.com\/wp-doctor\/wp-json\/wp\/v2\/comments?post=4883"}],"version-history":[{"count":0,"href":"https:\/\/www.rontgen.com\/wp-doctor\/wp-json\/wp\/v2\/posts\/4883\/revisions"}],"wp:attachment":[{"href":"https:\/\/www.rontgen.com\/wp-doctor\/wp-json\/wp\/v2\/media?parent=4883"}],"wp:term":[{"taxonomy":"category","embeddable":true,"href":"https:\/\/www.rontgen.com\/wp-doctor\/wp-json\/wp\/v2\/categories?post=4883"},{"taxonomy":"post_tag","embeddable":true,"href":"https:\/\/www.rontgen.com\/wp-doctor\/wp-json\/wp\/v2\/tags?post=4883"}],"curies":[{"name":"wp","href":"https:\/\/api.w.org\/{rel}","templated":true}]}}