{"id":4591,"date":"2011-10-11T07:49:49","date_gmt":"2011-10-11T06:49:49","guid":{"rendered":"http:\/\/www.rontgen.com\/wp-doctor\/?p=4591"},"modified":"2011-10-11T07:50:36","modified_gmt":"2011-10-11T06:50:36","slug":"om-flackar-i-hjarnan","status":"publish","type":"post","link":"https:\/\/www.rontgen.com\/wp-doctor\/om-flackar-i-hjarnan","title":{"rendered":"Om fl\u00e4ckar i hj\u00e4rnan"},"content":{"rendered":"<p><img loading=\"lazy\" decoding=\"async\" class=\"alignleft\" style=\"border: 0pt none;\" title=\"Fr\u00e5ga\" src=\"https:\/\/www.rontgen.com\/wp-doctor\/wp-content\/uploads\/2008\/12\/icon_mini_faq.gif\" alt=\"\" width=\"12\" height=\"13\" \/> Jag har f\u00e5tt ett r\u00f6ntgenbesked (MRT hj\u00e4rna) som jag inte riktigt f\u00f6rst\u00e5r, kan Ni hj\u00e4pa mig. Allm\u00e4nl\u00e4karen f\u00f6rs\u00f6kte f\u00f6rklara men jag tog nog inte in informationen riktigt, f\u00f6rutom att jag f\u00f6rutom skuggorna p\u00e5 hj\u00e4rnan \u00e4ven hade en bih\u00e5lsinflammation, remiss till neurolog \u00e4r skickad.<\/p>\n<p>&#8221;Det finns spritt i den vita djupa substansen f\u00f6retr\u00e4desvis bifrontalt och i ansltuning till sidoventriklarnas framhorn ospecifika upp till 5 mm stora signalf\u00f6r\u00e4ndringar&#8230;.&#8221; <span style=\"color: #888888; font-size: x-small;\">(svaret avkortat!)<\/span><\/p>\n<p><img loading=\"lazy\" decoding=\"async\" class=\"alignleft\" style=\"border: 0pt none;\" title=\"Svar\" src=\"https:\/\/www.rontgen.com\/wp-doctor\/wp-content\/uploads\/2008\/12\/icon_mini_register.gif\" alt=\"\" width=\"12\" height=\"13\" \/> Att f\u00f6rklara fl\u00e4ckar i hj\u00e4rnan av olika genes har v\u00e5ra radiologer v\u00e4ldigt sv\u00e5rt f\u00f6r utan att se bilderna. Det kan skapa mer oro \u00e4n nytta av svar fr\u00e5n oss. M\u00e5nga strukturer i hj\u00e4rnan kan f\u00f6rklaras som \u00e5ldersrelaterade normala f\u00f6r\u00e4ndringar.<br \/>\nMen att du ska f\u00e5 tr\u00e4ffa en neurolog \u00e4r bra d\u00e5 man f\u00e5r detta ordentligt utrett.<br \/>\nVi tycker du ska be din doktor om f\u00f6rklaring en g\u00e5ng till s\u00e5 att du vid m\u00f6tet med neurologen \u00e4r mer insatt. Man kan d\u00e5 \u00e4ven f\u00f6rbereda sig p\u00e5 egna fr\u00e5gor man vill st\u00e4lla. <em>Skriv ner de fr\u00e5gor du har<\/em> och ta med till m\u00f6tet med din egen doktor och neurologen.<\/p>\n<p><img loading=\"lazy\" decoding=\"async\" class=\"alignleft\" style=\"border: 0pt none;\" title=\"Svarat av\" src=\"https:\/\/www.rontgen.com\/wp-doctor\/wp-content\/uploads\/2008\/12\/icon_mini_profile.gif\" alt=\"\" width=\"12\" height=\"13\" \/> K.T. rtgssk<br \/>\nR\u00f6ntgenavdelningen Helsingborgs lasarett<\/p>\n","protected":false},"excerpt":{"rendered":"<p>Jag har f\u00e5tt ett r\u00f6ntgenbesked (MRT hj\u00e4rna) som jag inte riktigt f\u00f6rst\u00e5r, kan [&hellip;]<\/p>\n","protected":false},"author":1,"featured_media":0,"comment_status":"open","ping_status":"open","sticky":false,"template":"","format":"standard","meta":{"footnotes":""},"categories":[5],"tags":[141,60,39],"class_list":["post-4591","post","type-post","status-publish","format-standard","hentry","category-mr","tag-mr","tag-skalle","tag-svaret"],"_links":{"self":[{"href":"https:\/\/www.rontgen.com\/wp-doctor\/wp-json\/wp\/v2\/posts\/4591","targetHints":{"allow":["GET"]}}],"collection":[{"href":"https:\/\/www.rontgen.com\/wp-doctor\/wp-json\/wp\/v2\/posts"}],"about":[{"href":"https:\/\/www.rontgen.com\/wp-doctor\/wp-json\/wp\/v2\/types\/post"}],"author":[{"embeddable":true,"href":"https:\/\/www.rontgen.com\/wp-doctor\/wp-json\/wp\/v2\/users\/1"}],"replies":[{"embeddable":true,"href":"https:\/\/www.rontgen.com\/wp-doctor\/wp-json\/wp\/v2\/comments?post=4591"}],"version-history":[{"count":0,"href":"https:\/\/www.rontgen.com\/wp-doctor\/wp-json\/wp\/v2\/posts\/4591\/revisions"}],"wp:attachment":[{"href":"https:\/\/www.rontgen.com\/wp-doctor\/wp-json\/wp\/v2\/media?parent=4591"}],"wp:term":[{"taxonomy":"category","embeddable":true,"href":"https:\/\/www.rontgen.com\/wp-doctor\/wp-json\/wp\/v2\/categories?post=4591"},{"taxonomy":"post_tag","embeddable":true,"href":"https:\/\/www.rontgen.com\/wp-doctor\/wp-json\/wp\/v2\/tags?post=4591"}],"curies":[{"name":"wp","href":"https:\/\/api.w.org\/{rel}","templated":true}]}}