{"id":4432,"date":"2011-09-15T12:34:35","date_gmt":"2011-09-15T11:34:35","guid":{"rendered":"http:\/\/www.rontgen.com\/wp-doctor\/?p=4432"},"modified":"2011-09-15T12:35:38","modified_gmt":"2011-09-15T11:35:38","slug":"om-beno","status":"publish","type":"post","link":"https:\/\/www.rontgen.com\/wp-doctor\/om-beno","title":{"rendered":"Om ben\u00f6"},"content":{"rendered":"<p><img loading=\"lazy\" decoding=\"async\" class=\"alignleft\" style=\"border: 0pt none;\" title=\"Fr\u00e5ga\" src=\"https:\/\/www.rontgen.com\/wp-doctor\/wp-content\/uploads\/2008\/12\/icon_mini_faq.gif\" alt=\"\" width=\"12\" height=\"13\" \/> H\u00e4romdagen \u00e5kte jag in p\u00e5 akuten f\u00f6r att jag fick s\u00e5 himla ont i fotleden, jag hade inte skadat foten utan sm\u00e4rtan kom krypande och blev bara v\u00e4rre, tillslut fick jag s\u00e5 ont s\u00e5 jag kunde inte st\u00e5 p\u00e5 foten och i princip gr\u00e4t. Jag fick feber och r\u00f6ntgenbilderna visade inget brott eller n\u00e5got annat h\u00e4pnadsv\u00e4ckande. Dagen efter\u00e5t hade febern g\u00e5tt ner och jag kunde \u00e5terigen g\u00e5 p\u00e5 foten, d\u00e4remot fick jag veta att de hittat en kompakt\u00f6 som ett bifynd i spr\u00e5ngbenet. s\u00e5 min fr\u00e5ga till er \u00e4r; kan denna kompakt\u00f6 vara orsaken till min pl\u00f6tsliga sm\u00e4rta i foten?<\/p>\n<p><img loading=\"lazy\" decoding=\"async\" class=\"alignleft\" style=\"border: 0pt none;\" title=\"Svar\" src=\"https:\/\/www.rontgen.com\/wp-doctor\/wp-content\/uploads\/2008\/12\/icon_mini_register.gif\" alt=\"\" width=\"12\" height=\"13\" \/> En ben\u00f6 s\u00e5 som du beskriver det \u00e4r ett ofarligt bifynd som inte ger n\u00e5gra symtom. Se \u00e4ven tidigare [<a title=\"Tidigare fr\u00e5ga\" href=\"https:\/\/www.rontgen.com\/wp-doctor\/vad-ar-kompakto\"> fr\u00e5ga<\/a> ].<\/p>\n<p><img loading=\"lazy\" decoding=\"async\" class=\"alignleft\" style=\"border: 0pt none;\" title=\"Svarat av\" src=\"https:\/\/www.rontgen.com\/wp-doctor\/wp-content\/uploads\/2008\/12\/icon_mini_profile.gif\" alt=\"\" width=\"12\" height=\"13\" \/> TLA. \u00f6verl\u00e4kare<br \/>\nR\u00f6ntgenavdelningen Helsingborgs lasarett<\/p>\n","protected":false},"excerpt":{"rendered":"<p>H\u00e4romdagen \u00e5kte jag in p\u00e5 akuten f\u00f6r att jag fick s\u00e5 himla ont [&hellip;]<\/p>\n","protected":false},"author":1,"featured_media":0,"comment_status":"open","ping_status":"open","sticky":false,"template":"","format":"standard","meta":{"footnotes":""},"categories":[9],"tags":[57,39],"class_list":["post-4432","post","type-post","status-publish","format-standard","hentry","category-konventionellrtg","tag-ordforklaring","tag-svaret"],"_links":{"self":[{"href":"https:\/\/www.rontgen.com\/wp-doctor\/wp-json\/wp\/v2\/posts\/4432","targetHints":{"allow":["GET"]}}],"collection":[{"href":"https:\/\/www.rontgen.com\/wp-doctor\/wp-json\/wp\/v2\/posts"}],"about":[{"href":"https:\/\/www.rontgen.com\/wp-doctor\/wp-json\/wp\/v2\/types\/post"}],"author":[{"embeddable":true,"href":"https:\/\/www.rontgen.com\/wp-doctor\/wp-json\/wp\/v2\/users\/1"}],"replies":[{"embeddable":true,"href":"https:\/\/www.rontgen.com\/wp-doctor\/wp-json\/wp\/v2\/comments?post=4432"}],"version-history":[{"count":0,"href":"https:\/\/www.rontgen.com\/wp-doctor\/wp-json\/wp\/v2\/posts\/4432\/revisions"}],"wp:attachment":[{"href":"https:\/\/www.rontgen.com\/wp-doctor\/wp-json\/wp\/v2\/media?parent=4432"}],"wp:term":[{"taxonomy":"category","embeddable":true,"href":"https:\/\/www.rontgen.com\/wp-doctor\/wp-json\/wp\/v2\/categories?post=4432"},{"taxonomy":"post_tag","embeddable":true,"href":"https:\/\/www.rontgen.com\/wp-doctor\/wp-json\/wp\/v2\/tags?post=4432"}],"curies":[{"name":"wp","href":"https:\/\/api.w.org\/{rel}","templated":true}]}}