{"id":4362,"date":"2011-08-31T16:16:42","date_gmt":"2011-08-31T15:16:42","guid":{"rendered":"http:\/\/www.rontgen.com\/wp-doctor\/?p=4362"},"modified":"2011-08-31T16:16:42","modified_gmt":"2011-08-31T15:16:42","slug":"att-rontga-pa-neonatalavdelningen","status":"publish","type":"post","link":"https:\/\/www.rontgen.com\/wp-doctor\/att-rontga-pa-neonatalavdelningen","title":{"rendered":"Att r\u00f6ntga p\u00e5 neonatalavdelningen"},"content":{"rendered":"<p><img loading=\"lazy\" decoding=\"async\" class=\"alignleft\" style=\"border: 0pt none;\" title=\"Fr\u00e5ga\" src=\"https:\/\/www.rontgen.com\/wp-doctor\/wp-content\/uploads\/2008\/12\/icon_mini_faq.gif\" alt=\"\" width=\"12\" height=\"13\" \/> Jag jobbar p\u00e5 neonatalen, d\u00e4r vi ganska ofta r\u00f6ntgar barnen i s\u00e4ngen. D\u00e5 st\u00e5r jag och h\u00e5ller i barnet \u00e4r det farligt med str\u00e5lningen n\u00e4r man \u00e4r gravid om man har blyf\u00f6rkl\u00e4de och kan str\u00e5lningen tr\u00e4ffa om jag vistas i rummet utan skydd n\u00e5gra meter ifr\u00e5n?<\/p>\n<p><img loading=\"lazy\" decoding=\"async\" class=\"alignleft\" style=\"border: 0pt none;\" title=\"Svar\" src=\"https:\/\/www.rontgen.com\/wp-doctor\/wp-content\/uploads\/2008\/12\/icon_mini_register.gif\" alt=\"\" width=\"12\" height=\"13\" \/> Det \u00e4r inget str\u00e5lskyddsproblem f\u00f6r fostret om du \u00e4r gravid och jobbar p\u00e5 en neonatalavdelning. Ur str\u00e5lskyddssynpunkt kan det vara ett problem d\u00e5 man arbetar med stora och tjocka patienter (\u00f6ver 100 kg). Sm\u00e5 patienter inneb\u00e4r att m\u00e4ngden str\u00e5lning som beh\u00f6vs vid en r\u00f6ntgenunders\u00f6kning \u00e4r v\u00e4ldigt liten till att b\u00f6rja med. Den lilla m\u00e4ngd str\u00e5lning som trots allt finns reduceras till i princip noll av str\u00e5lskyddsf\u00f6rkl\u00e4det.<\/p>\n<p>Avst\u00e5ndet har ocks\u00e5 stor betydelse. Om man inte har str\u00e5lskyddsf\u00f6rkl\u00e4de p\u00e5 sig kan man utnyttja avst\u00e5ndet. \u00c4r man tv\u00e5 meter bort fr\u00e5n patienten reduceras str\u00e5lningen tack vare avst\u00e5ndet till ungef\u00e4r samma niv\u00e5 som om man hade haft ett str\u00e5lskyddsf\u00f6rkl\u00e4de p\u00e5 sig men st\u00e5tt n\u00e4ra patienten. Du har kanske h\u00f6rt talas om inversa kvadratlagen?<br \/>\nOm du anv\u00e4nder str\u00e5lskyddsf\u00f6rkl\u00e4de d\u00e5 du h\u00e5ller patienter och i \u00f6vrigt st\u00e5r minst ett par meter bort fr\u00e5n patienten vid r\u00f6ntgenunders\u00f6kningar uppskattar jag att den sammanlagda fosterstr\u00e5ldosen motsvarar mindre \u00e4n en dags naturlig bakgrundsstr\u00e5lning. Bakgrundsstr\u00e5lning \u00e4r joniserande str\u00e5lning, som ocks\u00e5 r\u00f6ntgenstr\u00e5lning \u00e4r, och som vi alla, inklusive foster, alltid uts\u00e4tts f\u00f6r.<\/p>\n<p>Det finns ett gr\u00e4nsv\u00e4rde f\u00f6r hur mycket yrkesrelaterad str\u00e5lning som ett foster f\u00e5r uts\u00e4ttas f\u00f6r d\u00e5 gravid personal jobbar med str\u00e5lning. Du hamnar l\u00e5ngt under 1% av till\u00e5ten maximal fosterstr\u00e5ldos.<br \/>\nVid uppskattning av ovan har jag antagit att du som personal \u00e4r med om ettusen (1000) r\u00f6ntgenunders\u00f6kningar under graviditeten. Du skriver i fr\u00e5gan att det h\u00e4nder ganska ofta men jag \u00e4r tveksam om det verkligen \u00e4r s\u00e5 ofta som tusen g\u00e5nger. \u00c4r det mer s\u00e4llan \u00e4n vad jag har antagit f\u00e5r du sj\u00e4lv korrigera ner sifferv\u00e4rdena i motsvarande grad.<\/p>\n<p><img loading=\"lazy\" decoding=\"async\" class=\"alignleft\" style=\"border: 0pt none;\" title=\"Svarat av\" src=\"https:\/\/www.rontgen.com\/wp-doctor\/wp-content\/uploads\/2008\/12\/icon_mini_profile.gif\" alt=\"\" width=\"12\" height=\"13\" \/> M. O. sjukhusfysiker<br \/>\nR\u00f6ntgenavdelningen, Helsingborgs lasarett<\/p>\n","protected":false},"excerpt":{"rendered":"<p>Jag jobbar p\u00e5 neonatalen, d\u00e4r vi ganska ofta r\u00f6ntgar barnen i s\u00e4ngen. D\u00e5 [&hellip;]<\/p>\n","protected":false},"author":1,"featured_media":0,"comment_status":"open","ping_status":"open","sticky":false,"template":"","format":"standard","meta":{"footnotes":""},"categories":[11],"tags":[41,85,17,15],"class_list":["post-4362","post","type-post","status-publish","format-standard","hentry","category-annat","tag-barn","tag-blyskydd","tag-graviditet","tag-stralning"],"_links":{"self":[{"href":"https:\/\/www.rontgen.com\/wp-doctor\/wp-json\/wp\/v2\/posts\/4362","targetHints":{"allow":["GET"]}}],"collection":[{"href":"https:\/\/www.rontgen.com\/wp-doctor\/wp-json\/wp\/v2\/posts"}],"about":[{"href":"https:\/\/www.rontgen.com\/wp-doctor\/wp-json\/wp\/v2\/types\/post"}],"author":[{"embeddable":true,"href":"https:\/\/www.rontgen.com\/wp-doctor\/wp-json\/wp\/v2\/users\/1"}],"replies":[{"embeddable":true,"href":"https:\/\/www.rontgen.com\/wp-doctor\/wp-json\/wp\/v2\/comments?post=4362"}],"version-history":[{"count":0,"href":"https:\/\/www.rontgen.com\/wp-doctor\/wp-json\/wp\/v2\/posts\/4362\/revisions"}],"wp:attachment":[{"href":"https:\/\/www.rontgen.com\/wp-doctor\/wp-json\/wp\/v2\/media?parent=4362"}],"wp:term":[{"taxonomy":"category","embeddable":true,"href":"https:\/\/www.rontgen.com\/wp-doctor\/wp-json\/wp\/v2\/categories?post=4362"},{"taxonomy":"post_tag","embeddable":true,"href":"https:\/\/www.rontgen.com\/wp-doctor\/wp-json\/wp\/v2\/tags?post=4362"}],"curies":[{"name":"wp","href":"https:\/\/api.w.org\/{rel}","templated":true}]}}