{"id":4280,"date":"2011-08-04T14:35:35","date_gmt":"2011-08-04T13:35:35","guid":{"rendered":"http:\/\/www.rontgen.com\/wp-doctor\/?p=4280"},"modified":"2011-08-04T14:35:35","modified_gmt":"2011-08-04T13:35:35","slug":"nalar-i-kroppen-och-mr","status":"publish","type":"post","link":"https:\/\/www.rontgen.com\/wp-doctor\/nalar-i-kroppen-och-mr","title":{"rendered":"N\u00e5lar i kroppen och MR"},"content":{"rendered":"<p><img loading=\"lazy\" decoding=\"async\" class=\"alignleft\" style=\"border: 0pt none;\" title=\"Fr\u00e5ga\" src=\"https:\/\/www.rontgen.com\/wp-doctor\/wp-content\/uploads\/2008\/12\/icon_mini_faq.gif\" alt=\"\" width=\"12\" height=\"13\" \/> Fick n\u00e5lar i mig f\u00f6r 45 \u00e5r sedan. Vad h\u00e4nder d\u00e5 om jag magnetr\u00f6ntgar mig?<\/p>\n<p><img loading=\"lazy\" decoding=\"async\" class=\"alignleft\" style=\"border: 0pt none;\" title=\"Svar\" src=\"https:\/\/www.rontgen.com\/wp-doctor\/wp-content\/uploads\/2008\/12\/icon_mini_register.gif\" alt=\"\" width=\"12\" height=\"13\" \/> Tyv\u00e4rr kan jag inte s\u00e4ga vad som h\u00e4nder med dig eller dina n\u00e5lar om du genomg\u00e5r en unders\u00f6kning med en magnetkamera. Eventuellt kommer n\u00e5larna att p\u00e5verkas (vridas) av magnetf\u00e4ltet. De kan ocks\u00e5 bli uppv\u00e4rmda (orsaka lokala br\u00e4nnskador) av de radiov\u00e5gor som magnetkameran arbetar med. N\u00e5larna kan ocks\u00e5 f\u00f6rs\u00e4mra bildkvaliteten.<\/p>\n<p>Om det \u00e4r aktuellt f\u00f6r dig att unders\u00f6kas med en magnetkamera, ska du meddela avdelningen som ska g\u00f6ra unders\u00f6kningen, att du har n\u00e5lar i kroppen.<\/p>\n<p><img loading=\"lazy\" decoding=\"async\" class=\"alignleft\" style=\"border: 0pt none;\" title=\"Svarat av\" src=\"https:\/\/www.rontgen.com\/wp-doctor\/wp-content\/uploads\/2008\/12\/icon_mini_profile.gif\" alt=\"\" width=\"12\" height=\"13\" \/> M. O. sjukhusfysiker<br \/>\nR\u00f6ntgenavdelningen, Helsingborgs lasarett<\/p>\n","protected":false},"excerpt":{"rendered":"<p>Fick n\u00e5lar i mig f\u00f6r 45 \u00e5r sedan. Vad h\u00e4nder d\u00e5 om jag [&hellip;]<\/p>\n","protected":false},"author":1,"featured_media":0,"comment_status":"open","ping_status":"open","sticky":false,"template":"","format":"standard","meta":{"footnotes":""},"categories":[5],"tags":[141,24],"class_list":["post-4280","post","type-post","status-publish","format-standard","hentry","category-mr","tag-mr","tag-undersokning"],"_links":{"self":[{"href":"https:\/\/www.rontgen.com\/wp-doctor\/wp-json\/wp\/v2\/posts\/4280","targetHints":{"allow":["GET"]}}],"collection":[{"href":"https:\/\/www.rontgen.com\/wp-doctor\/wp-json\/wp\/v2\/posts"}],"about":[{"href":"https:\/\/www.rontgen.com\/wp-doctor\/wp-json\/wp\/v2\/types\/post"}],"author":[{"embeddable":true,"href":"https:\/\/www.rontgen.com\/wp-doctor\/wp-json\/wp\/v2\/users\/1"}],"replies":[{"embeddable":true,"href":"https:\/\/www.rontgen.com\/wp-doctor\/wp-json\/wp\/v2\/comments?post=4280"}],"version-history":[{"count":0,"href":"https:\/\/www.rontgen.com\/wp-doctor\/wp-json\/wp\/v2\/posts\/4280\/revisions"}],"wp:attachment":[{"href":"https:\/\/www.rontgen.com\/wp-doctor\/wp-json\/wp\/v2\/media?parent=4280"}],"wp:term":[{"taxonomy":"category","embeddable":true,"href":"https:\/\/www.rontgen.com\/wp-doctor\/wp-json\/wp\/v2\/categories?post=4280"},{"taxonomy":"post_tag","embeddable":true,"href":"https:\/\/www.rontgen.com\/wp-doctor\/wp-json\/wp\/v2\/tags?post=4280"}],"curies":[{"name":"wp","href":"https:\/\/api.w.org\/{rel}","templated":true}]}}