{"id":4274,"date":"2011-08-04T14:07:22","date_gmt":"2011-08-04T13:07:22","guid":{"rendered":"http:\/\/www.rontgen.com\/wp-doctor\/?p=4274"},"modified":"2011-08-04T14:07:22","modified_gmt":"2011-08-04T13:07:22","slug":"ct-skalle-och-graviditet","status":"publish","type":"post","link":"https:\/\/www.rontgen.com\/wp-doctor\/ct-skalle-och-graviditet","title":{"rendered":"CT-skalle och graviditet"},"content":{"rendered":"<p><img loading=\"lazy\" decoding=\"async\" class=\"alignleft\" style=\"border: 0pt none;\" title=\"Fr\u00e5ga\" src=\"https:\/\/www.rontgen.com\/wp-doctor\/wp-content\/uploads\/2008\/12\/icon_mini_faq.gif\" alt=\"\" width=\"12\" height=\"13\" \/> Jag \u00e4r en 18 \u00e5rig tjej, i december r\u00f6ntgade jag k\u00e4karna med datortomografi, sedan har jag \u00e4ven r\u00f6ntgat ryggen och nacken i februari och sedan igen ryggen och nacken i mars. Jag har lidit av en kraftfull huvudv\u00e4rk de senaste 4 m\u00e5naderna, d\u00e4rf\u00f6r bad jag min doktor att skriva en remiss till r\u00f6ntgen, och nu ska jag f\u00e5 en datortomografi r\u00f6ntgen av skallen. Jag \u00e4r bara r\u00e4dd att det blir f\u00f6r m\u00e5nga str\u00e5lningar under en s\u00e5dan kort tid? Kan detta vara farligt?<\/p>\n<p><img loading=\"lazy\" decoding=\"async\" class=\"alignleft\" style=\"border: 0pt none;\" title=\"Svar\" src=\"https:\/\/www.rontgen.com\/wp-doctor\/wp-content\/uploads\/2008\/12\/icon_mini_register.gif\" alt=\"\" width=\"12\" height=\"13\" \/> Riskerna med r\u00f6ntgenstr\u00e5lning \u00e4r, j\u00e4mf\u00f6rt med andra risker, trots allt inte speciellt stora. Men \u00e4ven sm\u00e5 risker b\u00f6r undvikas om detta \u00e4r m\u00f6jligt. D\u00e4rf\u00f6r m\u00e5ste tv\u00e5 villkor vara uppfylla f\u00f6r att f\u00e5 r\u00f6ntgenunders\u00f6ka patienter. F\u00f6r det f\u00f6rsta ska man kunna motivera unders\u00f6kningen, det vill s\u00e4ga att det troligen \u00e4r s\u00e4mre f\u00f6r patienten att avst\u00e5 unders\u00f6kning j\u00e4mf\u00f6rt med att g\u00f6ra den. Avst\u00e5r man fr\u00e5n r\u00f6ntgenunders\u00f6kningar finns ju risken att man inte i tid uppt\u00e4cker en eventuell sjukdom, och att risken med att denna inte uppt\u00e4cks \u00e4r st\u00f6rre \u00e4n risken med r\u00f6ntgenunders\u00f6kningen. F\u00f6r det andra ska man inte anv\u00e4nda mer r\u00f6ntgenstr\u00e5lning \u00e4n vad som beh\u00f6vs f\u00f6r att kunna st\u00e4lla en korrekt diagnos, det vill s\u00e4ga, man ska optimera anv\u00e4ndningen av r\u00f6ntgenstr\u00e5lningen.<br \/>\nUppfyller man ovan tv\u00e5 villkor \u00e4r r\u00f6ntgenunders\u00f6kning till nytta f\u00f6r patienten, och risken minimeras s\u00e5 l\u00e5ngt som det \u00e4r m\u00f6jligt.<\/p>\n<p>\u00c4ven om du tycker att du g\u00f6r m\u00e5nga r\u00f6ntgenunders\u00f6kningar p\u00e5 kort tid s\u00e5 p\u00e5verkar inte den korta tiden risken. Om alla dina unders\u00f6kningar g\u00f6rs under en och samma dag eller utdraget under flera \u00e5r, s\u00e5 blir den sammanlagda risken lika i de b\u00e4gge fallen.<br \/>\nDen sammanlagda risk som dina r\u00f6ntgenunders\u00f6kningarna medf\u00f6r \u00e4r liten. Som en hj\u00e4lp att b\u00e4ttre f\u00f6rst\u00e5 storleken p\u00e5 risken kan man j\u00e4mf\u00f6ra den och uttrycka den p\u00e5 lite olika s\u00e4tt. R\u00f6ntgenstr\u00e5lningen som du uts\u00e4tts f\u00f6r motsvarar ungef\u00e4r tv\u00e5 till tre \u00e5rs naturlig bakgrundsstr\u00e5lning (s\u00f6k mer info om bakgrundsstr\u00e5lning p\u00e5 n\u00e4tet). Om man r\u00f6ker 20 cigaretter per dag, r\u00e4cker det att man r\u00f6ker i tv\u00e5 till tre veckor f\u00f6r att risken med r\u00f6kning ska motsvara den risk som dina sammanlagda r\u00f6ntgenunders\u00f6kningar inneb\u00e4r. \u00c5ker man bil finns ju alltid en risk att omkomma i en trafikolycka. Risken med dina unders\u00f6kningar motsvarar risken med n\u00e5gra hundra mils bil\u00e5kande.<\/p>\n<p><img loading=\"lazy\" decoding=\"async\" class=\"alignleft\" style=\"border: 0pt none;\" title=\"Svarat av\" src=\"https:\/\/www.rontgen.com\/wp-doctor\/wp-content\/uploads\/2008\/12\/icon_mini_profile.gif\" alt=\"\" width=\"12\" height=\"13\" \/> M. O. sjukhusfysiker<br \/>\nR\u00f6ntgenavdelningen, Helsingborgs lasarett<\/p>\n","protected":false},"excerpt":{"rendered":"<p>Jag \u00e4r en 18 \u00e5rig tjej, i december r\u00f6ntgade jag k\u00e4karna med datortomografi, [&hellip;]<\/p>\n","protected":false},"author":1,"featured_media":0,"comment_status":"open","ping_status":"open","sticky":false,"template":"","format":"standard","meta":{"footnotes":""},"categories":[6],"tags":[142,17,60,15],"class_list":["post-4274","post","type-post","status-publish","format-standard","hentry","category-ct","tag-ct","tag-graviditet","tag-skalle","tag-stralning"],"_links":{"self":[{"href":"https:\/\/www.rontgen.com\/wp-doctor\/wp-json\/wp\/v2\/posts\/4274","targetHints":{"allow":["GET"]}}],"collection":[{"href":"https:\/\/www.rontgen.com\/wp-doctor\/wp-json\/wp\/v2\/posts"}],"about":[{"href":"https:\/\/www.rontgen.com\/wp-doctor\/wp-json\/wp\/v2\/types\/post"}],"author":[{"embeddable":true,"href":"https:\/\/www.rontgen.com\/wp-doctor\/wp-json\/wp\/v2\/users\/1"}],"replies":[{"embeddable":true,"href":"https:\/\/www.rontgen.com\/wp-doctor\/wp-json\/wp\/v2\/comments?post=4274"}],"version-history":[{"count":0,"href":"https:\/\/www.rontgen.com\/wp-doctor\/wp-json\/wp\/v2\/posts\/4274\/revisions"}],"wp:attachment":[{"href":"https:\/\/www.rontgen.com\/wp-doctor\/wp-json\/wp\/v2\/media?parent=4274"}],"wp:term":[{"taxonomy":"category","embeddable":true,"href":"https:\/\/www.rontgen.com\/wp-doctor\/wp-json\/wp\/v2\/categories?post=4274"},{"taxonomy":"post_tag","embeddable":true,"href":"https:\/\/www.rontgen.com\/wp-doctor\/wp-json\/wp\/v2\/tags?post=4274"}],"curies":[{"name":"wp","href":"https:\/\/api.w.org\/{rel}","templated":true}]}}