{"id":4200,"date":"2011-07-08T16:40:53","date_gmt":"2011-07-08T15:40:53","guid":{"rendered":"http:\/\/www.rontgen.com\/wp-doctor\/?p=4200"},"modified":"2011-07-08T17:00:03","modified_gmt":"2011-07-08T16:00:03","slug":"missa-tumor-utan-kontrast","status":"publish","type":"post","link":"https:\/\/www.rontgen.com\/wp-doctor\/missa-tumor-utan-kontrast","title":{"rendered":"Missa tum\u00f6r utan kontrast"},"content":{"rendered":"<p><img loading=\"lazy\" decoding=\"async\" class=\"alignleft\" style=\"border: 0pt none;\" title=\"Fr\u00e5ga\" src=\"https:\/\/www.rontgen.com\/wp-doctor\/wp-content\/uploads\/2008\/12\/icon_mini_faq.gif\" alt=\"\" width=\"12\" height=\"13\" \/> Jag \u00e4r lite orolig f\u00f6r min mamma, som m\u00e5tt d\u00e5ligt ett tag. Hon har trott att hon en hj\u00e4rntum\u00f6r, och fick g\u00f6ra en ct-skalle utan kontrast och i svaret stod det att allt s\u00e5g bra ut. Hennes husl\u00e4kare har gjort neuroligisk underskning ocks\u00e5 och den var bra, men b\u00e5de jag och min mamma kan inte sl\u00e4ppa tanken, d\u00e5 vi l\u00e4st att man kan missa tum\u00f6rer i hj\u00e4rnan om man inte anv\u00e4ner kontrast. St\u00e4mmer det???? Ska vi be att hon ska f\u00f6r g\u00f6ra om den med kontrast eller annan r\u00f6ntgen???<\/p>\n<p><img loading=\"lazy\" decoding=\"async\" class=\"alignleft\" style=\"border: 0pt none;\" title=\"Svar\" src=\"https:\/\/www.rontgen.com\/wp-doctor\/wp-content\/uploads\/2008\/12\/icon_mini_register.gif\" alt=\"\" width=\"12\" height=\"13\" \/> Som vi n\u00e4mnt tidigare s\u00e5 \u00e4r ingen enskild unders\u00f6kningsmetod 100%-ig. R\u00f6ntgen ska ses som ett komplement till de kliniska unders\u00f6kningarna f\u00f6r att n\u00e5 upp till <em>n\u00e4stan<\/em> 100%. M\u00e5nga f\u00e5r \u00e4ven aldrig en klar diagnos som kan f\u00f6rklara symtom och kr\u00e4mpor trots en stor m\u00e4ngd unders\u00f6kningar och tester. S\u00e5 \u00e4r det&#8230;<br \/>\nOm alla unders\u00f6kningar visar p\u00e5 &#8221;normala&#8221; f\u00f6rh\u00e5llanden m\u00e5ste man nog  acceptera detta. Om symtom eller besv\u00e4r inte \u00e4ndrat karakt\u00e4r finns  troligen inget fog f\u00f6r komplettera gjord r\u00f6ntgenunders\u00f6kning. Men detta \u00e4r n\u00e5got ens  egen l\u00e4kare ska ta st\u00e4llning till. Det kan ju finnas andra typer av unders\u00f6kningar som kan bli aktuella.<\/p>\n<p><em>V\u00e5ra radiologer<\/em> beslutar hur r\u00f6ntgenunders\u00f6kningen ska genomf\u00f6ras med ledning av fr\u00e5gest\u00e4llning, symtom, sjukhistoria, mm. som remittenten (patientens doktor) angett i remissen.Vid oklarheter i remisstexten eller vad g\u00e4ller val av unders\u00f6kning, ev. \u00f6nskem\u00e5l om utf\u00f6rande,\u00a0 metod, etc. tas kontakt med remittenten f\u00f6r diskussion.<br \/>\nAlla v\u00e5ra unders\u00f6kningar har definitioner av metodval efter hur fr\u00e5gest\u00e4llningen \u00e4r formulerad, vilka organ, f\u00f6rstag\u00e5ngsunders\u00f6kning, \u00e5terkommande kontroller, barn, mfl. urval. Utifr\u00e5n dessa beslutar radiologen om typ av r\u00f6ntgenunders\u00f6kning samt tillv\u00e4gag\u00e5ngss\u00e4tt. Givetvis kan radiologen \u00e5sidos\u00e4tta och \u00e4ndra en &#8221;standardmetod&#8221; f\u00f6r en fr\u00e5gest\u00e4llning eller organ om s\u00e5 anses beh\u00f6vas f\u00f6r att erh\u00e5lla en diagnos.<\/p>\n<p>Dagens CT-maskiner \u00e4r s\u00e5 pass bra att man erh\u00e5ller mycket bra bildmaterial f\u00f6r en s\u00e4ker diagnostik oavsett tillf\u00f6rsel av kontrastmedel eller inte.<br \/>\nVi str\u00e4var \u00e4ven alltid efter att unders\u00f6kningen ska genomf\u00f6ras p\u00e5 ett s\u00e4ker  tillv\u00e4gag\u00e5ngss\u00e4tt f\u00f6r patienten. Finns alternativ unders\u00f6kningsmetod ist\u00e4llet f\u00f6r r\u00f6ntgenbestr\u00e5lning och kontrastmedel,  f\u00f6r att erh\u00e5lla en diagnos, \u00e4r detta att f\u00f6redra.<\/p>\n<p>Trots allt kan r\u00f6ntgenbestr\u00e5lning vara oh\u00e4lsosamt samt att kontrastmedel p\u00e5verkar njurarna.<\/p>\n<p><img loading=\"lazy\" decoding=\"async\" class=\"alignleft\" style=\"border: 0pt none;\" title=\"Svarat av\" src=\"https:\/\/www.rontgen.com\/wp-doctor\/wp-content\/uploads\/2008\/12\/icon_mini_profile.gif\" alt=\"\" width=\"12\" height=\"13\" \/> K.T. rtgssk<br \/>\nR\u00f6ntgenavdelningen Helsingborgs lasarett<\/p>\n","protected":false},"excerpt":{"rendered":"<p>Jag \u00e4r lite orolig f\u00f6r min mamma, som m\u00e5tt d\u00e5ligt ett tag. Hon [&hellip;]<\/p>\n","protected":false},"author":1,"featured_media":0,"comment_status":"open","ping_status":"open","sticky":false,"template":"","format":"standard","meta":{"footnotes":""},"categories":[6],"tags":[142,38,60,39,24],"class_list":["post-4200","post","type-post","status-publish","format-standard","hentry","category-ct","tag-ct","tag-kontrast","tag-skalle","tag-svaret","tag-undersokning"],"_links":{"self":[{"href":"https:\/\/www.rontgen.com\/wp-doctor\/wp-json\/wp\/v2\/posts\/4200","targetHints":{"allow":["GET"]}}],"collection":[{"href":"https:\/\/www.rontgen.com\/wp-doctor\/wp-json\/wp\/v2\/posts"}],"about":[{"href":"https:\/\/www.rontgen.com\/wp-doctor\/wp-json\/wp\/v2\/types\/post"}],"author":[{"embeddable":true,"href":"https:\/\/www.rontgen.com\/wp-doctor\/wp-json\/wp\/v2\/users\/1"}],"replies":[{"embeddable":true,"href":"https:\/\/www.rontgen.com\/wp-doctor\/wp-json\/wp\/v2\/comments?post=4200"}],"version-history":[{"count":0,"href":"https:\/\/www.rontgen.com\/wp-doctor\/wp-json\/wp\/v2\/posts\/4200\/revisions"}],"wp:attachment":[{"href":"https:\/\/www.rontgen.com\/wp-doctor\/wp-json\/wp\/v2\/media?parent=4200"}],"wp:term":[{"taxonomy":"category","embeddable":true,"href":"https:\/\/www.rontgen.com\/wp-doctor\/wp-json\/wp\/v2\/categories?post=4200"},{"taxonomy":"post_tag","embeddable":true,"href":"https:\/\/www.rontgen.com\/wp-doctor\/wp-json\/wp\/v2\/tags?post=4200"}],"curies":[{"name":"wp","href":"https:\/\/api.w.org\/{rel}","templated":true}]}}