{"id":4120,"date":"2011-06-22T11:56:41","date_gmt":"2011-06-22T10:56:41","guid":{"rendered":"http:\/\/www.rontgen.com\/wp-doctor\/?p=4120"},"modified":"2011-06-22T13:41:53","modified_gmt":"2011-06-22T12:41:53","slug":"varfor-ct-skalle-utan-kontrast","status":"publish","type":"post","link":"https:\/\/www.rontgen.com\/wp-doctor\/varfor-ct-skalle-utan-kontrast","title":{"rendered":"Varf\u00f6r CT-skalle utan kontrast"},"content":{"rendered":"<p><img loading=\"lazy\" decoding=\"async\" class=\"alignleft\" style=\"border: 0px;\" title=\"Fr\u00e5ga\" src=\"https:\/\/www.rontgen.com\/wp-doctor\/wp-content\/uploads\/2008\/12\/icon_mini_faq.gif\" alt=\"\" width=\"12\" height=\"13\" \/>\u00a0Jag har varit j\u00e4tteorolig att jag har en hj\u00e4rntum\u00f6r, och var och gjorde en ct-skalle f\u00f6r ca 2 veckor sedan utan kontrast.\u00a0I r\u00f6ngen svaret stod det att allt var bra och inget v\u00e4xte i mitt huvud. Kan jag lita p\u00e5 svaret fast dom inte gjorde med kontrast???<\/p>\n<p><img loading=\"lazy\" decoding=\"async\" class=\"alignleft\" style=\"border: 0px;\" title=\"Svar\" src=\"https:\/\/www.rontgen.com\/wp-doctor\/wp-content\/uploads\/2008\/12\/icon_mini_register.gif\" alt=\"\" width=\"12\" height=\"13\" \/>\u00a0Med fr\u00e5gest\u00e4llningar om oklara neurologiska symtom, skallskada, tum\u00f6r eller annat\u00a0i skallen \u00e4r det oftast normalt att initialt g\u00f6ra unders\u00f6kningen <em>utan kontrastmedel<\/em>.<br \/>\nV\u00e5ra radiologer ser d\u00e5 p\u00e5 bla. symetrin i hj\u00e4rnan. Om\u00a0det ev. finns\u00a0n\u00e5gon patologisk expansivitet i hj\u00e4rnan kan detta visa sig som en f\u00f6rskjutning av omkringliggande hj\u00e4rnv\u00e4vnad eller \u00f6dem runt misst\u00e4nkt expansivitet. Man\u00a0kan d\u00e5\u00a0komplettera unders\u00f6kning med kontrast eller g\u00f6ra en MR av skallen.<br \/>\nDe CT-unders\u00f6kningar av skallen som oftast g\u00f6res med kontrastmedel \u00e4r bla. kontroll av <em>metastaser<\/em> fr\u00e5n bekr\u00e4ftad tum\u00f6r lokaliserad\u00a0annat st\u00e4lle i kroppen, blodk\u00e4rlanerysm, hj\u00e4rnans blodf\u00f6rs\u00f6rjning, etc.<br \/>\nG\u00e5r det att unvika kontrastmedel\u00a0i blodet\u00a0\u00e4r detta att f\u00f6redra d\u00e5 kontrastmedel alltid p\u00e5verkar njurarna mer eller mindre p\u00e5 n\u00e5got s\u00e4tt&#8230;<\/p>\n<p><img loading=\"lazy\" decoding=\"async\" class=\"alignleft\" style=\"border: 0px;\" title=\"Svarat av\" src=\"https:\/\/www.rontgen.com\/wp-doctor\/wp-content\/uploads\/2008\/12\/icon_mini_profile.gif\" alt=\"\" width=\"12\" height=\"13\" \/>\u00a0K.T. rtgssk<br \/>\nR\u00f6ntgenavdelningen Helsingborgs lasarett<\/p>\n","protected":false},"excerpt":{"rendered":"<p>\u00a0Jag har varit j\u00e4tteorolig att jag har en hj\u00e4rntum\u00f6r, och var och gjorde [&hellip;]<\/p>\n","protected":false},"author":1,"featured_media":0,"comment_status":"open","ping_status":"open","sticky":false,"template":"","format":"standard","meta":{"footnotes":""},"categories":[6],"tags":[142,38,60,24],"class_list":["post-4120","post","type-post","status-publish","format-standard","hentry","category-ct","tag-ct","tag-kontrast","tag-skalle","tag-undersokning"],"_links":{"self":[{"href":"https:\/\/www.rontgen.com\/wp-doctor\/wp-json\/wp\/v2\/posts\/4120","targetHints":{"allow":["GET"]}}],"collection":[{"href":"https:\/\/www.rontgen.com\/wp-doctor\/wp-json\/wp\/v2\/posts"}],"about":[{"href":"https:\/\/www.rontgen.com\/wp-doctor\/wp-json\/wp\/v2\/types\/post"}],"author":[{"embeddable":true,"href":"https:\/\/www.rontgen.com\/wp-doctor\/wp-json\/wp\/v2\/users\/1"}],"replies":[{"embeddable":true,"href":"https:\/\/www.rontgen.com\/wp-doctor\/wp-json\/wp\/v2\/comments?post=4120"}],"version-history":[{"count":0,"href":"https:\/\/www.rontgen.com\/wp-doctor\/wp-json\/wp\/v2\/posts\/4120\/revisions"}],"wp:attachment":[{"href":"https:\/\/www.rontgen.com\/wp-doctor\/wp-json\/wp\/v2\/media?parent=4120"}],"wp:term":[{"taxonomy":"category","embeddable":true,"href":"https:\/\/www.rontgen.com\/wp-doctor\/wp-json\/wp\/v2\/categories?post=4120"},{"taxonomy":"post_tag","embeddable":true,"href":"https:\/\/www.rontgen.com\/wp-doctor\/wp-json\/wp\/v2\/tags?post=4120"}],"curies":[{"name":"wp","href":"https:\/\/api.w.org\/{rel}","templated":true}]}}