{"id":4117,"date":"2011-06-22T10:56:50","date_gmt":"2011-06-22T09:56:50","guid":{"rendered":"http:\/\/www.rontgen.com\/wp-doctor\/?p=4117"},"modified":"2011-06-22T10:56:50","modified_gmt":"2011-06-22T09:56:50","slug":"att-se-subduralhematom","status":"publish","type":"post","link":"https:\/\/www.rontgen.com\/wp-doctor\/att-se-subduralhematom","title":{"rendered":"Att se subduralhematom"},"content":{"rendered":"<p><img loading=\"lazy\" decoding=\"async\" class=\"alignleft\" style=\"border: 0px;\" title=\"Fr\u00e5ga\" src=\"https:\/\/www.rontgen.com\/wp-doctor\/wp-content\/uploads\/2008\/12\/icon_mini_faq.gif\" alt=\"\" width=\"12\" height=\"13\" \/>\u00a0Min mamma ramlade f\u00f6r tv\u00e5 \u00e5r sedan bakl\u00e4nges fr\u00e5n en pall och slog huvudet h\u00e5rt mot ett cementgolv. Hon var avsvimmad.<br \/>\nefter detta s\u00e5 uppvisar hon &#8221;senilitet&#8221; dvs blir f\u00f6rvirrad fr\u00e4mst d\u00e5 hon har legat ner och reser sig upp. Hon har ocks\u00e5 f\u00e5tt v\u00e4rk och svaghet i benen samt st\u00e4ndigt \u00e5terkommande huvudv\u00e4rk i det omr\u00e5de som hon slog i. Detta h\u00e4nde f\u00f6r 3 \u00e5r sedan. Hon fick aldrig n\u00e5gon r\u00f6ntgen. Jag misst\u00e4nker att hon kan ha en kronisk subdural hematom. Hon skall \u00e4ntligen g\u00e5 f\u00f6r en MRT. Ser man en gammal bl\u00f6dning i hj\u00e4rnan via MRT?<br \/>\nFr\u00e5ga 2. Hur fast\u00e4ller man om lymfan \u00e4r f\u00f6rstorad via r\u00f6ntgen?<\/p>\n<p><img loading=\"lazy\" decoding=\"async\" class=\"alignleft\" style=\"border: 0px;\" title=\"Svar\" src=\"https:\/\/www.rontgen.com\/wp-doctor\/wp-content\/uploads\/2008\/12\/icon_mini_register.gif\" alt=\"\" width=\"12\" height=\"13\" \/>\u00a0Ett kroniskt subduralhematom syns p\u00e5 MR.<br \/>\n<em>Fr\u00e5ga 2<\/em>\u00a0f\u00f6rst\u00e5r jag tyv\u00e4rr inte riktigt. Om du menar f\u00f6rstorade lymfk\u00f6rtlar kan man, beroende p\u00e5 var i kroppen de sitter, p\u00e5visa det med ultraljud, magnetkamera (MR) eller datortomografi (CT).<\/p>\n<p><img loading=\"lazy\" decoding=\"async\" class=\"alignleft\" style=\"border: 0px;\" title=\"Svarat av\" src=\"https:\/\/www.rontgen.com\/wp-doctor\/wp-content\/uploads\/2008\/12\/icon_mini_profile.gif\" alt=\"\" width=\"12\" height=\"13\" \/>\u00a0TLA. \u00f6verl\u00e4kare<br \/>\nR\u00f6ntgenavdelningen Helsingborgs lasarett<\/p>\n","protected":false},"excerpt":{"rendered":"<p>\u00a0Min mamma ramlade f\u00f6r tv\u00e5 \u00e5r sedan bakl\u00e4nges fr\u00e5n en pall och slog [&hellip;]<\/p>\n","protected":false},"author":1,"featured_media":0,"comment_status":"open","ping_status":"open","sticky":false,"template":"","format":"standard","meta":{"footnotes":""},"categories":[5],"tags":[141,60,24],"class_list":["post-4117","post","type-post","status-publish","format-standard","hentry","category-mr","tag-mr","tag-skalle","tag-undersokning"],"_links":{"self":[{"href":"https:\/\/www.rontgen.com\/wp-doctor\/wp-json\/wp\/v2\/posts\/4117","targetHints":{"allow":["GET"]}}],"collection":[{"href":"https:\/\/www.rontgen.com\/wp-doctor\/wp-json\/wp\/v2\/posts"}],"about":[{"href":"https:\/\/www.rontgen.com\/wp-doctor\/wp-json\/wp\/v2\/types\/post"}],"author":[{"embeddable":true,"href":"https:\/\/www.rontgen.com\/wp-doctor\/wp-json\/wp\/v2\/users\/1"}],"replies":[{"embeddable":true,"href":"https:\/\/www.rontgen.com\/wp-doctor\/wp-json\/wp\/v2\/comments?post=4117"}],"version-history":[{"count":0,"href":"https:\/\/www.rontgen.com\/wp-doctor\/wp-json\/wp\/v2\/posts\/4117\/revisions"}],"wp:attachment":[{"href":"https:\/\/www.rontgen.com\/wp-doctor\/wp-json\/wp\/v2\/media?parent=4117"}],"wp:term":[{"taxonomy":"category","embeddable":true,"href":"https:\/\/www.rontgen.com\/wp-doctor\/wp-json\/wp\/v2\/categories?post=4117"},{"taxonomy":"post_tag","embeddable":true,"href":"https:\/\/www.rontgen.com\/wp-doctor\/wp-json\/wp\/v2\/tags?post=4117"}],"curies":[{"name":"wp","href":"https:\/\/api.w.org\/{rel}","templated":true}]}}