{"id":4089,"date":"2011-06-17T12:29:06","date_gmt":"2011-06-17T11:29:06","guid":{"rendered":"http:\/\/www.rontgen.com\/wp-doctor\/?p=4089"},"modified":"2011-06-17T12:29:06","modified_gmt":"2011-06-17T11:29:06","slug":"nar-undvika-rontgen-vid-graviditet","status":"publish","type":"post","link":"https:\/\/www.rontgen.com\/wp-doctor\/nar-undvika-rontgen-vid-graviditet","title":{"rendered":"N\u00e4r undvika r\u00f6ntgen vid graviditet"},"content":{"rendered":"<p><img loading=\"lazy\" decoding=\"async\" class=\"alignleft\" style=\"border: 0pt none;\" title=\"Fr\u00e5ga\" src=\"https:\/\/www.rontgen.com\/wp-doctor\/wp-content\/uploads\/2008\/12\/icon_mini_faq.gif\" alt=\"\" width=\"12\" height=\"13\" \/> Jag \u00e4r gravid i vecka 12 och skall g\u00f6ra en sinus r\u00f6ntgen, \u00c4r det okej? Eller b\u00f6r jag v\u00e4nta? Vilka veckor under en graviditet skall man undvika?<\/p>\n<p><img loading=\"lazy\" decoding=\"async\" class=\"alignleft\" style=\"border: 0pt none;\" title=\"Svar\" src=\"https:\/\/www.rontgen.com\/wp-doctor\/wp-content\/uploads\/2008\/12\/icon_mini_register.gif\" alt=\"\" width=\"12\" height=\"13\" \/> Det \u00e4r inget problem att du \u00e4r gravid. N\u00e4r dina bih\u00e5lor unders\u00f6ks kommer din egen v\u00e4vnad som finns mellan ditt huvud och ner till fostret att fungera som ett effektivt str\u00e5lskydd f\u00f6r fostret. Det \u00e4r f\u00f6rst om man str\u00e5lar direkt mot fostret eller i dess n\u00e4rhet som man beh\u00f6ver fundera p\u00e5 str\u00e5lningsrisker f\u00f6r fostret.<\/p>\n<p><img loading=\"lazy\" decoding=\"async\" class=\"alignleft\" style=\"border: 0pt none;\" title=\"Svarat av\" src=\"https:\/\/www.rontgen.com\/wp-doctor\/wp-content\/uploads\/2008\/12\/icon_mini_profile.gif\" alt=\"\" width=\"12\" height=\"13\" \/> M. O. sjukhusfysiker<br \/>\nR\u00f6ntgenavdelningen, Helsingborgs lasarett<\/p>\n","protected":false},"excerpt":{"rendered":"<p>Jag \u00e4r gravid i vecka 12 och skall g\u00f6ra en sinus r\u00f6ntgen, \u00c4r [&hellip;]<\/p>\n","protected":false},"author":1,"featured_media":0,"comment_status":"open","ping_status":"open","sticky":false,"template":"","format":"standard","meta":{"footnotes":""},"categories":[9],"tags":[22,17,15],"class_list":["post-4089","post","type-post","status-publish","format-standard","hentry","category-konventionellrtg","tag-bihalor","tag-graviditet","tag-stralning"],"_links":{"self":[{"href":"https:\/\/www.rontgen.com\/wp-doctor\/wp-json\/wp\/v2\/posts\/4089","targetHints":{"allow":["GET"]}}],"collection":[{"href":"https:\/\/www.rontgen.com\/wp-doctor\/wp-json\/wp\/v2\/posts"}],"about":[{"href":"https:\/\/www.rontgen.com\/wp-doctor\/wp-json\/wp\/v2\/types\/post"}],"author":[{"embeddable":true,"href":"https:\/\/www.rontgen.com\/wp-doctor\/wp-json\/wp\/v2\/users\/1"}],"replies":[{"embeddable":true,"href":"https:\/\/www.rontgen.com\/wp-doctor\/wp-json\/wp\/v2\/comments?post=4089"}],"version-history":[{"count":0,"href":"https:\/\/www.rontgen.com\/wp-doctor\/wp-json\/wp\/v2\/posts\/4089\/revisions"}],"wp:attachment":[{"href":"https:\/\/www.rontgen.com\/wp-doctor\/wp-json\/wp\/v2\/media?parent=4089"}],"wp:term":[{"taxonomy":"category","embeddable":true,"href":"https:\/\/www.rontgen.com\/wp-doctor\/wp-json\/wp\/v2\/categories?post=4089"},{"taxonomy":"post_tag","embeddable":true,"href":"https:\/\/www.rontgen.com\/wp-doctor\/wp-json\/wp\/v2\/tags?post=4089"}],"curies":[{"name":"wp","href":"https:\/\/api.w.org\/{rel}","templated":true}]}}