{"id":4067,"date":"2011-06-09T16:14:15","date_gmt":"2011-06-09T15:14:15","guid":{"rendered":"http:\/\/www.rontgen.com\/wp-doctor\/?p=4067"},"modified":"2011-06-09T16:14:47","modified_gmt":"2011-06-09T15:14:47","slug":"missa-fraktur-vid-ct","status":"publish","type":"post","link":"https:\/\/www.rontgen.com\/wp-doctor\/missa-fraktur-vid-ct","title":{"rendered":"Missa fraktur vid CT"},"content":{"rendered":"<p><img loading=\"lazy\" decoding=\"async\" class=\"alignleft size-full wp-image-81\" title=\"Fr\u00e5ga\" src=\"https:\/\/www.rontgen.com\/wp-doctor\/wp-content\/uploads\/2008\/12\/icon_mini_faq.gif\" alt=\"\" width=\"12\" height=\"13\" \/> F\u00f6r tre m\u00e5nader sedan var jag med om en fallolycka d\u00e4r handleden krossades och jag \u00e4ven fick ett starkt slag mot huvudet och framf\u00f6rallt kinden. Man gjorde en CT-r\u00f6ntgen p\u00e5 huvudet men fann ingen fraktur i ansiktet. Vid bes\u00f6k hos l\u00e4karen efter 1,5 m\u00e5nad p\u00e5talade jag att jag fortfarande var bl\u00e5 p\u00e5 kinden och k\u00e4nde sm\u00e4rta. L\u00e4karen k\u00e4nde d\u00e5 p\u00e5 kinden och uppgav att jag hade f\u00e5tt en spricka. Hur kan det komma sig att man inte s\u00e5g detta p\u00e5 r\u00f6ntgen? Jag har fortfarande ont och har bl\u00e5m\u00e4rke, hur l\u00e5ng tid kan detta kvarst\u00e5?<\/p>\n<p><img loading=\"lazy\" decoding=\"async\" class=\"alignleft\" style=\"border: 0pt none;\" title=\"Svar\" src=\"https:\/\/www.rontgen.com\/wp-doctor\/wp-content\/uploads\/2008\/12\/icon_mini_register.gif\" alt=\"\" width=\"12\" height=\"13\" \/> En CT-unders\u00f6kning av ansiktsskelettet \u00e4r mycket bra p\u00e5 att p\u00e5visa frakturer. Att man <em>1,5 m\u00e5n. efter en skada<\/em> skulle kunna k\u00e4nna en fraktur som inte s\u00e5gs p\u00e5 CT&#8217;n \u00e4r ytterst osannolikt.<br \/>\nL\u00e4karen kan dock ha menat flera olika saker d\u00e5 sagt &#8221;<em>spricka<\/em>&#8221;.<br \/>\nGjordes CT-unders\u00f6kningen av &#8221;skallen&#8221; och inte &#8221;ansiktsskelettet&#8221; \u00e4r det inte s\u00e4kert att omr\u00e5det kring kinden finns med p\u00e5 bilderna vid f\u00f6rsta unders\u00f6kningen.<\/p>\n<p><img loading=\"lazy\" decoding=\"async\" class=\"alignleft\" style=\"border: 0pt none;\" title=\"Svarat av\" src=\"https:\/\/www.rontgen.com\/wp-doctor\/wp-content\/uploads\/2008\/12\/icon_mini_profile.gif\" alt=\"\" width=\"12\" height=\"13\" \/> TLA. \u00f6verl\u00e4kare<br \/>\nR\u00f6ntgenavdelningen Helsingborgs lasarett<\/p>\n","protected":false},"excerpt":{"rendered":"<p>F\u00f6r tre m\u00e5nader sedan var jag med om en fallolycka d\u00e4r handleden krossades [&hellip;]<\/p>\n","protected":false},"author":1,"featured_media":0,"comment_status":"open","ping_status":"open","sticky":false,"template":"","format":"standard","meta":{"footnotes":""},"categories":[6],"tags":[64,142,39,24],"class_list":["post-4067","post","type-post","status-publish","format-standard","hentry","category-ct","tag-bilder","tag-ct","tag-svaret","tag-undersokning"],"_links":{"self":[{"href":"https:\/\/www.rontgen.com\/wp-doctor\/wp-json\/wp\/v2\/posts\/4067","targetHints":{"allow":["GET"]}}],"collection":[{"href":"https:\/\/www.rontgen.com\/wp-doctor\/wp-json\/wp\/v2\/posts"}],"about":[{"href":"https:\/\/www.rontgen.com\/wp-doctor\/wp-json\/wp\/v2\/types\/post"}],"author":[{"embeddable":true,"href":"https:\/\/www.rontgen.com\/wp-doctor\/wp-json\/wp\/v2\/users\/1"}],"replies":[{"embeddable":true,"href":"https:\/\/www.rontgen.com\/wp-doctor\/wp-json\/wp\/v2\/comments?post=4067"}],"version-history":[{"count":0,"href":"https:\/\/www.rontgen.com\/wp-doctor\/wp-json\/wp\/v2\/posts\/4067\/revisions"}],"wp:attachment":[{"href":"https:\/\/www.rontgen.com\/wp-doctor\/wp-json\/wp\/v2\/media?parent=4067"}],"wp:term":[{"taxonomy":"category","embeddable":true,"href":"https:\/\/www.rontgen.com\/wp-doctor\/wp-json\/wp\/v2\/categories?post=4067"},{"taxonomy":"post_tag","embeddable":true,"href":"https:\/\/www.rontgen.com\/wp-doctor\/wp-json\/wp\/v2\/tags?post=4067"}],"curies":[{"name":"wp","href":"https:\/\/api.w.org\/{rel}","templated":true}]}}