{"id":4012,"date":"2011-06-03T11:23:58","date_gmt":"2011-06-03T10:23:58","guid":{"rendered":"http:\/\/www.rontgen.com\/wp-doctor\/?p=4012"},"modified":"2011-06-03T11:46:37","modified_gmt":"2011-06-03T10:46:37","slug":"stralskada-fran-70-talet","status":"publish","type":"post","link":"https:\/\/www.rontgen.com\/wp-doctor\/stralskada-fran-70-talet","title":{"rendered":"Str\u00e5lskada fr\u00e5n 70-talet"},"content":{"rendered":"<p><img loading=\"lazy\" decoding=\"async\" class=\"alignleft\" style=\"border: 0pt none;\" title=\"Fr\u00e5ga\" src=\"https:\/\/www.rontgen.com\/wp-doctor\/wp-content\/uploads\/2008\/12\/icon_mini_faq.gif\" alt=\"\" width=\"12\" height=\"13\" \/> I mitten av 70-talet r\u00f6ntgades jag, 5 \u00e5r gammal, d\u00e5 jag f\u00f6dde med Perthes sjukdom vilken jag senare opererades f\u00f6r.<br \/>\nIdag k\u00e4mpar jag och min man f\u00f6r att f\u00e5 barn. Vi har gjort flera IVF-behandlingar utan resultat. Ingen i min familj har n\u00e5gra fertilitetsproblem och sj\u00e4lv har jag inte anv\u00e4nt preventivmedel sedan 20-\u00e5rs \u00e5lder. B\u00e5de jag och min man har utretts, vi \u00e4r b\u00e5da &#8221;normala&#8221; enligt denna utredning.<br \/>\nMin fr\u00e5ga \u00e4r nu, den r\u00f6ntgen som anv\u00e4ndes p\u00e5 70-talet (och som riktades mot ljumskarna p\u00e5 mig och med s\u00e4kerhet &#8221;tr\u00e4ffade&#8221; bla. \u00e4ggstockarna), kan den ha skadat mina \u00e4gg?<\/p>\n<p><img loading=\"lazy\" decoding=\"async\" class=\"alignleft\" style=\"border: 0pt none;\" title=\"Svar\" src=\"https:\/\/www.rontgen.com\/wp-doctor\/wp-content\/uploads\/2008\/12\/icon_mini_register.gif\" alt=\"\" width=\"12\" height=\"13\" \/> Dina sv\u00e5righeter med att bli gravid har inget att g\u00f6ra med tidigare r\u00f6ntgenunders\u00f6kningar. Den bestr\u00e5lning som du utsattes f\u00f6r under 70-talet \u00e4r allt f\u00f6r liten f\u00f6r att kunna skada dina \u00e4gg. \u00c4ven om du hade r\u00f6ntgenunders\u00f6kts 100 g\u00e5nger \u00e4r p\u00e5verkan p\u00e5 fertiliteten f\u00f6rsumbar.<\/p>\n<p><img loading=\"lazy\" decoding=\"async\" class=\"alignleft\" style=\"border: 0pt none;\" title=\"Svarat av\" src=\"https:\/\/www.rontgen.com\/wp-doctor\/wp-content\/uploads\/2008\/12\/icon_mini_profile.gif\" alt=\"\" width=\"12\" height=\"13\" \/> M. O. sjukhusfysiker<br \/>\nR\u00f6ntgenavdelningen, Helsingborgs lasarett<\/p>\n","protected":false},"excerpt":{"rendered":"<p>I mitten av 70-talet r\u00f6ntgades jag, 5 \u00e5r gammal, d\u00e5 jag f\u00f6dde med [&hellip;]<\/p>\n","protected":false},"author":1,"featured_media":0,"comment_status":"open","ping_status":"open","sticky":false,"template":"","format":"standard","meta":{"footnotes":""},"categories":[11],"tags":[42,17,15],"class_list":["post-4012","post","type-post","status-publish","format-standard","hentry","category-annat","tag-aggstockar","tag-graviditet","tag-stralning"],"_links":{"self":[{"href":"https:\/\/www.rontgen.com\/wp-doctor\/wp-json\/wp\/v2\/posts\/4012","targetHints":{"allow":["GET"]}}],"collection":[{"href":"https:\/\/www.rontgen.com\/wp-doctor\/wp-json\/wp\/v2\/posts"}],"about":[{"href":"https:\/\/www.rontgen.com\/wp-doctor\/wp-json\/wp\/v2\/types\/post"}],"author":[{"embeddable":true,"href":"https:\/\/www.rontgen.com\/wp-doctor\/wp-json\/wp\/v2\/users\/1"}],"replies":[{"embeddable":true,"href":"https:\/\/www.rontgen.com\/wp-doctor\/wp-json\/wp\/v2\/comments?post=4012"}],"version-history":[{"count":0,"href":"https:\/\/www.rontgen.com\/wp-doctor\/wp-json\/wp\/v2\/posts\/4012\/revisions"}],"wp:attachment":[{"href":"https:\/\/www.rontgen.com\/wp-doctor\/wp-json\/wp\/v2\/media?parent=4012"}],"wp:term":[{"taxonomy":"category","embeddable":true,"href":"https:\/\/www.rontgen.com\/wp-doctor\/wp-json\/wp\/v2\/categories?post=4012"},{"taxonomy":"post_tag","embeddable":true,"href":"https:\/\/www.rontgen.com\/wp-doctor\/wp-json\/wp\/v2\/tags?post=4012"}],"curies":[{"name":"wp","href":"https:\/\/api.w.org\/{rel}","templated":true}]}}