{"id":3953,"date":"2011-05-20T10:55:49","date_gmt":"2011-05-20T09:55:49","guid":{"rendered":"http:\/\/www.rontgen.com\/wp-doctor\/?p=3953"},"modified":"2011-05-20T10:55:49","modified_gmt":"2011-05-20T09:55:49","slug":"se-tarmsammanvaxning-med-ct","status":"publish","type":"post","link":"https:\/\/www.rontgen.com\/wp-doctor\/se-tarmsammanvaxning-med-ct","title":{"rendered":"Se tarmsammanv\u00e4xning med CT"},"content":{"rendered":"<p><img loading=\"lazy\" decoding=\"async\" class=\"alignleft\" style=\"border: 0pt none;\" title=\"Fr\u00e5ga\" src=\"https:\/\/www.rontgen.com\/wp-doctor\/wp-content\/uploads\/2008\/12\/icon_mini_faq.gif\" alt=\"\" width=\"12\" height=\"13\" \/> Kontrast eller inte? Kan man se samanv\u00e4xningar i buken t.ex en tarm som v\u00e4xt ihop med en annan eller liknande p\u00e5 en ct utan kontrast? Syns det l\u00e4tt med kontrast?<\/p>\n<p><img loading=\"lazy\" decoding=\"async\" class=\"alignleft\" style=\"border: 0pt none;\" title=\"Svar\" src=\"https:\/\/www.rontgen.com\/wp-doctor\/wp-content\/uploads\/2008\/12\/icon_mini_register.gif\" alt=\"\" width=\"12\" height=\"13\" \/> Det kan vara sv\u00e5rare utan kontrast.<br \/>\nOfta \u00e4r detta sv\u00e5rt att se oavsett om man anv\u00e4nder kontrast eller ej.<\/p>\n<p><img loading=\"lazy\" decoding=\"async\" class=\"alignleft\" style=\"border: 0pt none;\" title=\"Svarat av\" src=\"https:\/\/www.rontgen.com\/wp-doctor\/wp-content\/uploads\/2008\/12\/icon_mini_profile.gif\" alt=\"\" width=\"12\" height=\"13\" \/> TLA. \u00f6verl\u00e4kare<br \/>\nR\u00f6ntgenavdelningen Helsingborgs lasarett<\/p>\n","protected":false},"excerpt":{"rendered":"<p>Kontrast eller inte? Kan man se samanv\u00e4xningar i buken t.ex en tarm som [&hellip;]<\/p>\n","protected":false},"author":1,"featured_media":0,"comment_status":"open","ping_status":"open","sticky":false,"template":"","format":"standard","meta":{"footnotes":""},"categories":[6],"tags":[64,142,38,24],"class_list":["post-3953","post","type-post","status-publish","format-standard","hentry","category-ct","tag-bilder","tag-ct","tag-kontrast","tag-undersokning"],"_links":{"self":[{"href":"https:\/\/www.rontgen.com\/wp-doctor\/wp-json\/wp\/v2\/posts\/3953","targetHints":{"allow":["GET"]}}],"collection":[{"href":"https:\/\/www.rontgen.com\/wp-doctor\/wp-json\/wp\/v2\/posts"}],"about":[{"href":"https:\/\/www.rontgen.com\/wp-doctor\/wp-json\/wp\/v2\/types\/post"}],"author":[{"embeddable":true,"href":"https:\/\/www.rontgen.com\/wp-doctor\/wp-json\/wp\/v2\/users\/1"}],"replies":[{"embeddable":true,"href":"https:\/\/www.rontgen.com\/wp-doctor\/wp-json\/wp\/v2\/comments?post=3953"}],"version-history":[{"count":0,"href":"https:\/\/www.rontgen.com\/wp-doctor\/wp-json\/wp\/v2\/posts\/3953\/revisions"}],"wp:attachment":[{"href":"https:\/\/www.rontgen.com\/wp-doctor\/wp-json\/wp\/v2\/media?parent=3953"}],"wp:term":[{"taxonomy":"category","embeddable":true,"href":"https:\/\/www.rontgen.com\/wp-doctor\/wp-json\/wp\/v2\/categories?post=3953"},{"taxonomy":"post_tag","embeddable":true,"href":"https:\/\/www.rontgen.com\/wp-doctor\/wp-json\/wp\/v2\/tags?post=3953"}],"curies":[{"name":"wp","href":"https:\/\/api.w.org\/{rel}","templated":true}]}}