{"id":3893,"date":"2011-05-09T14:15:53","date_gmt":"2011-05-09T13:15:53","guid":{"rendered":"http:\/\/www.rontgen.com\/wp-doctor\/?p=3893"},"modified":"2011-05-09T14:17:08","modified_gmt":"2011-05-09T13:17:08","slug":"rontga-mot-sin-vilja","status":"publish","type":"post","link":"https:\/\/www.rontgen.com\/wp-doctor\/rontga-mot-sin-vilja","title":{"rendered":"R\u00f6ntga mot sin vilja"},"content":{"rendered":"<p><img loading=\"lazy\" decoding=\"async\" class=\"alignleft\" style=\"border: 0pt none;\" title=\"Fr\u00e5ga\" src=\"https:\/\/www.rontgen.com\/wp-doctor\/wp-content\/uploads\/2008\/12\/icon_mini_faq.gif\" alt=\"\" width=\"12\" height=\"13\" \/> Kan jag som r\u00f6ntgensjuksk\u00f6terska mots\u00e4tta mig att genomf\u00f6ra en r\u00f6ntgenunders\u00f6kning trots att radiologen har vidimerat den? Kan jag \u00e4ndra vidimeringen utan att fr\u00e5ga radiologen? Kan jag som rtgssk best\u00e4mma hur mycket kontrastmedel patienten ska ha?<br \/>\nVad s\u00e4ger lagen? Vilken lag och paragraf?<\/p>\n<p><img loading=\"lazy\" decoding=\"async\" class=\"alignleft\" style=\"border: 0pt none;\" title=\"Svar\" src=\"https:\/\/www.rontgen.com\/wp-doctor\/wp-content\/uploads\/2008\/12\/icon_mini_register.gif\" alt=\"\" width=\"12\" height=\"13\" \/> Som r\u00f6ntgensjuksk\u00f6terska kan man normalt inte v\u00e4gra utf\u00f6ra en unders\u00f6kning som \u00e4r definierad av en r\u00f6ntgenl\u00e4kare. D\u00e5 r\u00f6ntgenl\u00e4kare m\u00e5ste anses besitta <em>reell kompetens<\/em> och <em>befogenheter<\/em> m\u00e5ste dennes information och riktlinjer f\u00f6r en unders\u00f6knings utf\u00f6rande bed\u00f6mmas som trov\u00e4rdig och \u00e4ven bed\u00f6md efter bepr\u00f6vad vetenskap. I HSL, \u00a72, anges att v\u00e5rdgivaren har en skyldighet att se till att personal med formell samt reel kompetens utf\u00f6r sjukv\u00e5rdsarbetet. Likas\u00e5 har ledningen ansvaret f\u00f6r hur fastst\u00e4llda unders\u00f6kningsmetoder till\u00e4mpas.<br \/>\nMan kan d\u00e4rf\u00f6r inte som sjuksk\u00f6terska p\u00e5 eget bev\u00e5g v\u00e4gra en unders\u00f6kning. Man f\u00e5r inte heller fr\u00e5ng\u00e5 de riktlinjer och rutiner som g\u00e4ller f\u00f6r unders\u00f6kningar som \u00e4r f\u00f6rdefinierade av ledningen via PM, etc. Dessa unders\u00f6kningar ska det s\u00e5ledes finnas f\u00e4rdiga riktlinjer f\u00f6r hur de ska utf\u00f6ras. Detta finns reglerat i SOSFS, 2005:12, kap: 4 \u00a72-4.<br \/>\nS\u00e5 \u00e4r det&#8230;<\/p>\n<p>Har man inv\u00e4ndningar mot <em>hur<\/em> en unders\u00f6kning utf\u00f6rs samt <em>om<\/em> en unders\u00f6kning ska utf\u00f6ras m\u00e5ste man initialt f\u00f6ra en dialog med den  radiolog som \u00e4r inblandad i eller ordinerat unders\u00f6kningen. Om det  trots detta inte ger den effekt man \u00f6nskar b\u00f6r man v\u00e4nda sig till annan  ledningschef p\u00e5 avdelningen.<br \/>\nOm man, mot eget &#8221;b\u00e4ttre vetande&#8221;, genomf\u00f6r en unders\u00f6kning b\u00f6r  man dokumentatera detta v\u00e4l i remiss- eller journalsystemet som p\u00e5  n\u00e5got s\u00e4tt visar p\u00e5 ens egna inv\u00e4ndningar. Alternativt kan man \u00e4ven l\u00e4mna in en &#8221;avvikelserapportering&#8221; om detta.<\/p>\n<p>Om man v\u00e4grar utf\u00f6ra en unders\u00f6kning av egen anledning, oavsett orsak, ses detta som en arbetsv\u00e4gran. Detta g\u00e4ller dock inte om man anser sig<em> besitta s\u00e5dan kunskapsbrist<\/em> att unders\u00f6kningen inte kan genomf\u00f6ras p\u00e5 ett f\u00f6r patienten s\u00e4kert f\u00f6rfarande. D\u00e5 har man r\u00e4tt att v\u00e4gra g\u00f6ra unders\u00f6kningen personligen. Det \u00e4r dock viktigt att man sedan inh\u00e4mtar denna kunskapsbrist.<\/p>\n<p><img loading=\"lazy\" decoding=\"async\" class=\"alignleft\" style=\"border: 0pt none;\" title=\"Svarat av\" src=\"https:\/\/www.rontgen.com\/wp-doctor\/wp-content\/uploads\/2008\/12\/icon_mini_profile.gif\" alt=\"\" width=\"12\" height=\"13\" \/> K.T. rtgssk<br \/>\nR\u00f6ntgenavdelningen Helsingborgs lasarett<\/p>\n","protected":false},"excerpt":{"rendered":"<p>Kan jag som r\u00f6ntgensjuksk\u00f6terska mots\u00e4tta mig att genomf\u00f6ra en r\u00f6ntgenunders\u00f6kning trots att radiologen [&hellip;]<\/p>\n","protected":false},"author":1,"featured_media":0,"comment_status":"open","ping_status":"open","sticky":false,"template":"","format":"standard","meta":{"footnotes":""},"categories":[11],"tags":[113,24],"class_list":["post-3893","post","type-post","status-publish","format-standard","hentry","category-annat","tag-lagar","tag-undersokning"],"_links":{"self":[{"href":"https:\/\/www.rontgen.com\/wp-doctor\/wp-json\/wp\/v2\/posts\/3893","targetHints":{"allow":["GET"]}}],"collection":[{"href":"https:\/\/www.rontgen.com\/wp-doctor\/wp-json\/wp\/v2\/posts"}],"about":[{"href":"https:\/\/www.rontgen.com\/wp-doctor\/wp-json\/wp\/v2\/types\/post"}],"author":[{"embeddable":true,"href":"https:\/\/www.rontgen.com\/wp-doctor\/wp-json\/wp\/v2\/users\/1"}],"replies":[{"embeddable":true,"href":"https:\/\/www.rontgen.com\/wp-doctor\/wp-json\/wp\/v2\/comments?post=3893"}],"version-history":[{"count":0,"href":"https:\/\/www.rontgen.com\/wp-doctor\/wp-json\/wp\/v2\/posts\/3893\/revisions"}],"wp:attachment":[{"href":"https:\/\/www.rontgen.com\/wp-doctor\/wp-json\/wp\/v2\/media?parent=3893"}],"wp:term":[{"taxonomy":"category","embeddable":true,"href":"https:\/\/www.rontgen.com\/wp-doctor\/wp-json\/wp\/v2\/categories?post=3893"},{"taxonomy":"post_tag","embeddable":true,"href":"https:\/\/www.rontgen.com\/wp-doctor\/wp-json\/wp\/v2\/tags?post=3893"}],"curies":[{"name":"wp","href":"https:\/\/api.w.org\/{rel}","templated":true}]}}