{"id":3875,"date":"2011-05-06T09:14:44","date_gmt":"2011-05-06T08:14:44","guid":{"rendered":"http:\/\/www.rontgen.com\/wp-doctor\/?p=3875"},"modified":"2011-05-06T09:21:11","modified_gmt":"2011-05-06T08:21:11","slug":"vad-ses-vid-rontgen-landrygg","status":"publish","type":"post","link":"https:\/\/www.rontgen.com\/wp-doctor\/vad-ses-vid-rontgen-landrygg","title":{"rendered":"Vad ses vid r\u00f6ntgen l\u00e4ndrygg"},"content":{"rendered":"<p><img loading=\"lazy\" decoding=\"async\" class=\"alignleft\" style=\"border: 0pt none;\" title=\"Fr\u00e5ga\" src=\"https:\/\/www.rontgen.com\/wp-doctor\/wp-content\/uploads\/2008\/12\/icon_mini_faq.gif\" alt=\"\" width=\"12\" height=\"13\" \/> Jag har haft ont i ryggen i ett \u00e5r. Det \u00e4r p\u00e5 h\u00f6ger sida och str\u00e5lar ner i  h\u00f6ften och benet ibland. Sist visade det p\u00e5 ett diskbr\u00e5ck. Nu har jag mer ont  och \u00e4ven ont i nedersta revbenet bak.<br \/>\nSer man \u00e4ven revbenen bakom vid  l\u00e4ndryggsr\u00f6ntgen? Ser man n\u00e5got av h\u00f6ften vid denna r\u00f6ntgen?<\/p>\n<div id=\"attachment_3879\" style=\"width: 100px\" class=\"wp-caption alignright\"><a href=\"https:\/\/www.rontgen.com\/wp-doctor\/wp-content\/uploads\/2011\/05\/lendrygg_fr.jpg\"><img loading=\"lazy\" decoding=\"async\" aria-describedby=\"caption-attachment-3879\" class=\"size-thumbnail wp-image-3879\" title=\"L\u00e4ndrygg\" src=\"https:\/\/www.rontgen.com\/wp-doctor\/wp-content\/uploads\/2011\/05\/lendrygg_fr-150x150.jpg\" alt=\"L\u00e4ndrygg frontal bild\" width=\"90\" height=\"90\" \/><\/a><p id=\"caption-attachment-3879\" class=\"wp-caption-text\">L\u00e4ndrygg<\/p><\/div>\n<p><img loading=\"lazy\" decoding=\"async\" class=\"alignleft\" style=\"border: 0pt none;\" title=\"Svar\" src=\"https:\/\/www.rontgen.com\/wp-doctor\/wp-content\/uploads\/2008\/12\/icon_mini_register.gif\" alt=\"\" width=\"12\" height=\"13\" \/> Vid en konventionell r\u00f6ntgen av l\u00e4ndryggen ser man endast ev. mindre delar av de 2 nedersta revbenen som leder mot ryggkotornas transversalutskott. Nedre delen av l\u00e4ndryggen (korsryggen) har 2 or\u00f6rliga leder (sacroiliacalederna) mot b\u00e4ckenet som ocks\u00e5 ska vara med p\u00e5 bilderna.\u00a0 Men n\u00e5gon h\u00f6ftled ses \u00f6verhuvudtaget inte.<br \/>\nHar man v\u00e4rk som inte ger med sig och inte tidigare \u00e4r utredd eller \u00e4ndrat karakt\u00e4r b\u00f6r man s\u00f6ka sin doktor f\u00f6r vidare utredning.<\/p>\n<p><img loading=\"lazy\" decoding=\"async\" class=\"alignleft\" style=\"border: 0pt none;\" title=\"Svarat av\" src=\"https:\/\/www.rontgen.com\/wp-doctor\/wp-content\/uploads\/2008\/12\/icon_mini_profile.gif\" alt=\"\" width=\"12\" height=\"13\" \/> K. T. rtgssk<br \/>\nR\u00f6ntgenavdelningen Helsingborgs lasarett<\/p>\n","protected":false},"excerpt":{"rendered":"<p>Jag har haft ont i ryggen i ett \u00e5r. Det \u00e4r p\u00e5 h\u00f6ger [&hellip;]<\/p>\n","protected":false},"author":1,"featured_media":0,"comment_status":"open","ping_status":"open","sticky":false,"template":"","format":"standard","meta":{"footnotes":""},"categories":[9],"tags":[64,49],"class_list":["post-3875","post","type-post","status-publish","format-standard","hentry","category-konventionellrtg","tag-bilder","tag-landrygg"],"_links":{"self":[{"href":"https:\/\/www.rontgen.com\/wp-doctor\/wp-json\/wp\/v2\/posts\/3875","targetHints":{"allow":["GET"]}}],"collection":[{"href":"https:\/\/www.rontgen.com\/wp-doctor\/wp-json\/wp\/v2\/posts"}],"about":[{"href":"https:\/\/www.rontgen.com\/wp-doctor\/wp-json\/wp\/v2\/types\/post"}],"author":[{"embeddable":true,"href":"https:\/\/www.rontgen.com\/wp-doctor\/wp-json\/wp\/v2\/users\/1"}],"replies":[{"embeddable":true,"href":"https:\/\/www.rontgen.com\/wp-doctor\/wp-json\/wp\/v2\/comments?post=3875"}],"version-history":[{"count":0,"href":"https:\/\/www.rontgen.com\/wp-doctor\/wp-json\/wp\/v2\/posts\/3875\/revisions"}],"wp:attachment":[{"href":"https:\/\/www.rontgen.com\/wp-doctor\/wp-json\/wp\/v2\/media?parent=3875"}],"wp:term":[{"taxonomy":"category","embeddable":true,"href":"https:\/\/www.rontgen.com\/wp-doctor\/wp-json\/wp\/v2\/categories?post=3875"},{"taxonomy":"post_tag","embeddable":true,"href":"https:\/\/www.rontgen.com\/wp-doctor\/wp-json\/wp\/v2\/tags?post=3875"}],"curies":[{"name":"wp","href":"https:\/\/api.w.org\/{rel}","templated":true}]}}