{"id":3832,"date":"2011-05-04T11:12:51","date_gmt":"2011-05-04T10:12:51","guid":{"rendered":"http:\/\/www.rontgen.com\/wp-doctor\/?p=3832"},"modified":"2011-05-04T11:20:14","modified_gmt":"2011-05-04T10:20:14","slug":"hoftproteser-och-mr","status":"publish","type":"post","link":"https:\/\/www.rontgen.com\/wp-doctor\/hoftproteser-och-mr","title":{"rendered":"H\u00f6ftproteser och MR"},"content":{"rendered":"<p><img loading=\"lazy\" decoding=\"async\" class=\"alignleft\" style=\"border: 0pt none;\" title=\"Fr\u00e5ga\" src=\"https:\/\/www.rontgen.com\/wp-doctor\/wp-content\/uploads\/2008\/12\/icon_mini_faq.gif\" alt=\"\" width=\"12\" height=\"13\" \/> F\u00f6r n\u00e5gra m\u00e5nader sedan \u00e5kte jag in akut pga.tilltagande yrsel,huvudv\u00e4rk och fr\u00e5nvarok\u00e4nsla. De misst\u00e4nkte bl\u00f6dning eller (ville utesluta tum\u00f6r) i hj\u00e4rnan och jag gjorde en Datormografi\/angiografi med kontrast. De fann ist\u00e4llet relativt utbredda f\u00f6rkalkningar bilateralt inom caput nc caudatus,putamen och globus pallidus (de sa ocks\u00e5 i de basala ganglierna). Rena grekiskan f\u00f6r mig och kan detta tyda p\u00e5 MS eller annat?<\/p>\n<p>Nu till min ocks\u00e5 viktiga fr\u00e5ga: Jag ska genomg\u00e5 MRT (vet ej om det \u00e4r med kontrast eller ej och har astma, har t\u00e5lt detta men \u00e4nd\u00e5 orolig!) och jag har ju en specialtillverkad protes v\u00e4.h\u00f6ft insatt 2009 och vet ej vilket material. De p\u00e5 r\u00f6ntgen sa att det ej \u00e4r n\u00e5gon fara, men varf\u00f6r hade dom 2006 n\u00e4r jag var d\u00e4r tidigare p\u00e5 MRT innan jag fick protesen en stor skylt men en \u00d6VERKRYSSAD h\u00f6ftprotes p\u00e5? B\u00f6r jag kolla om just MIN specialprotes har andra komponenter i sig av metaller?<br \/>\nDen \u00e4r specialtillverkad pga.min kraftigt degenererade h\u00f6ft av benr\u00f6ta i barna\u00e5r och sjukhussjuka. Jag \u00e4r j\u00e4tteorolig att n\u00e5got h\u00e4nder med min h\u00e4lsa eller protes pga.protes i MR kamera!<\/p>\n<p><img loading=\"lazy\" decoding=\"async\" class=\"alignleft\" style=\"border: 0pt none;\" title=\"Svar\" src=\"https:\/\/www.rontgen.com\/wp-doctor\/wp-content\/uploads\/2008\/12\/icon_mini_register.gif\" alt=\"\" width=\"12\" height=\"13\" \/> F\u00f6rkalkningar \u00e4r inte detsamma som MS. MS utg\u00f6rs av sm\u00e5 inflammationsh\u00e4rdar p\u00e5 myelinet kring nervtr\u00e5darna.<br \/>\nHur dessa f\u00f6rkalkningar ska tolkas kan v\u00e5ra radiologer inte svara p\u00e5 men detta kommer troligen den kommande MR-unders\u00f6kningen att kunna ge svar p\u00e5.<\/p>\n<p>Idag g\u00f6res utan undantag (tror vi) MR-unders\u00f6kningar trots h\u00f6ftproteser. Alla dagens h\u00f6ftproteser, och \u00e4ven tidigare varianter, \u00e4r av omagnetiskt material eller legeringar. Om en protes anges speciell p\u00e5 n\u00e5got s\u00e4tt \u00e4r detta troligen dess utformning och f\u00e4ste som skiljer sig fr\u00e5n mer normalt utformade proteser. Sj\u00e4lva protesmaterialet \u00e4r i stort samma.<br \/>\nTroligen finns ingen tillverkare idag som tillverka ledproteser som \u00e4r av magnetiskt material. Detta skulle d\u00e5 leda till att dessa patienten i framtiden inte kan genomg\u00e5 en MR-unders\u00f6kning.<br \/>\nDet enda kruxet med proteserna \u00e4r att det ger en del st\u00f6rningar i bilderna i omr\u00e5det precis vid protesen.<br \/>\n\u00c4ldre skyltar med en \u00f6verkryssad h\u00f6ftprotes tas ner succesivt efterhand d\u00e5 lokalerna renoveras, etc.<br \/>\nSe bilder fr\u00e5n tidigare fr\u00e5ga <span style=\"color: #ff0000;\">[<\/span> <a title=\"Bilder p\u00e5 h\u00f6ftprotes\" href=\"https:\/\/www.rontgen.com\/wp-doctor\/mr-och-hoftprotes\">h\u00e4r<\/a> <span style=\"color: #ff0000;\">]<\/span>.<\/p>\n<p><img loading=\"lazy\" decoding=\"async\" class=\"alignleft\" style=\"border: 0pt none;\" title=\"Svarat av\" src=\"https:\/\/www.rontgen.com\/wp-doctor\/wp-content\/uploads\/2008\/12\/icon_mini_profile.gif\" alt=\"\" width=\"12\" height=\"13\" \/> K.T. rtgssk<br \/>\nR\u00f6ntgenavdelningen Helsingborgs lasarett<\/p>\n","protected":false},"excerpt":{"rendered":"<p>F\u00f6r n\u00e5gra m\u00e5nader sedan \u00e5kte jag in akut pga.tilltagande yrsel,huvudv\u00e4rk och fr\u00e5nvarok\u00e4nsla. De [&hellip;]<\/p>\n","protected":false},"author":1,"featured_media":0,"comment_status":"open","ping_status":"open","sticky":false,"template":"","format":"standard","meta":{"footnotes":""},"categories":[5],"tags":[23,141,61,24],"class_list":["post-3832","post","type-post","status-publish","format-standard","hentry","category-mr","tag-hoft","tag-mr","tag-ms","tag-undersokning"],"_links":{"self":[{"href":"https:\/\/www.rontgen.com\/wp-doctor\/wp-json\/wp\/v2\/posts\/3832","targetHints":{"allow":["GET"]}}],"collection":[{"href":"https:\/\/www.rontgen.com\/wp-doctor\/wp-json\/wp\/v2\/posts"}],"about":[{"href":"https:\/\/www.rontgen.com\/wp-doctor\/wp-json\/wp\/v2\/types\/post"}],"author":[{"embeddable":true,"href":"https:\/\/www.rontgen.com\/wp-doctor\/wp-json\/wp\/v2\/users\/1"}],"replies":[{"embeddable":true,"href":"https:\/\/www.rontgen.com\/wp-doctor\/wp-json\/wp\/v2\/comments?post=3832"}],"version-history":[{"count":0,"href":"https:\/\/www.rontgen.com\/wp-doctor\/wp-json\/wp\/v2\/posts\/3832\/revisions"}],"wp:attachment":[{"href":"https:\/\/www.rontgen.com\/wp-doctor\/wp-json\/wp\/v2\/media?parent=3832"}],"wp:term":[{"taxonomy":"category","embeddable":true,"href":"https:\/\/www.rontgen.com\/wp-doctor\/wp-json\/wp\/v2\/categories?post=3832"},{"taxonomy":"post_tag","embeddable":true,"href":"https:\/\/www.rontgen.com\/wp-doctor\/wp-json\/wp\/v2\/tags?post=3832"}],"curies":[{"name":"wp","href":"https:\/\/api.w.org\/{rel}","templated":true}]}}