{"id":3387,"date":"2011-02-08T21:43:14","date_gmt":"2011-02-08T20:43:14","guid":{"rendered":"http:\/\/www.rontgen.com\/wp-doctor\/?p=3387"},"modified":"2011-02-08T21:43:14","modified_gmt":"2011-02-08T20:43:14","slug":"anatomi-om-tarkanalen","status":"publish","type":"post","link":"https:\/\/www.rontgen.com\/wp-doctor\/anatomi-om-tarkanalen","title":{"rendered":"Anatomi om t\u00e5rkanalen"},"content":{"rendered":"<p><img loading=\"lazy\" decoding=\"async\" class=\"alignleft\" style=\"border: 0pt none;\" title=\"Fr\u00e5ga\" src=\"https:\/\/www.rontgen.com\/wp-doctor\/wp-content\/uploads\/2008\/12\/icon_mini_faq.gif\" alt=\"\" width=\"12\" height=\"13\" \/> Om man \u00e4r 6 \u00e5r och klagar \u00f6ver att det pyser luft i \u00f6gonen n\u00e4r man \u00f6kar trycket i n\u00e4sa och bih\u00e5lor vad \u00e4r det som h\u00e4nt d\u00e5???<\/p>\n<p><img loading=\"lazy\" decoding=\"async\" class=\"alignleft\" style=\"border: 0pt none;\" title=\"Svar\" src=\"https:\/\/www.rontgen.com\/wp-doctor\/wp-content\/uploads\/2008\/12\/icon_mini_register.gif\" alt=\"\" width=\"12\" height=\"13\" \/> Detta \u00e4r en anatomifr\u00e5ga som vi anser oss vara duktiga p\u00e5 och nog kan svara p\u00e5.<br \/>\nRent anatomiskt finns en f\u00f6rbindelse mellan t\u00e5rs\u00e4cken och n\u00e4sans h\u00e5ligheter (n\u00e4st\u00e5rg\u00e5ngen). T\u00e5rv\u00e4tska t\u00f6mmer sig normalt ner i n\u00e4san via denna g\u00e5ng.\u00a0 Det finns troligen abnorma och medf\u00f6dda varianter p\u00e5 g\u00e5ngar eller fistlar som l\u00f6per fel d\u00e4r d\u00e5 t\u00e5rfl\u00f6det p\u00e5verkas. V\u00e5ra radiologer anser det verkar vara s\u00e5 i det h\u00e4r fallet.<br \/>\nVi anser \u00e4ven detta b\u00f6r utredas av en \u00f6ronl\u00e4kare d\u00e5 st\u00f6rningar i t\u00e5rfl\u00f6det kan orsaka \u00f6gonbesv\u00e4r.<\/p>\n<p><img loading=\"lazy\" decoding=\"async\" class=\"alignleft\" style=\"border: 0pt none;\" title=\"Svarat av\" src=\"https:\/\/www.rontgen.com\/wp-doctor\/wp-content\/uploads\/2008\/12\/icon_mini_profile.gif\" alt=\"\" width=\"12\" height=\"13\" \/> K.T. rtgssk<br \/>\nR\u00f6ntgenavdelningen Helsingborgs lasarett<\/p>\n","protected":false},"excerpt":{"rendered":"<p>Om man \u00e4r 6 \u00e5r och klagar \u00f6ver att det pyser luft i [&hellip;]<\/p>\n","protected":false},"author":1,"featured_media":0,"comment_status":"open","ping_status":"open","sticky":false,"template":"","format":"standard","meta":{"footnotes":""},"categories":[11],"tags":[105,41,22],"class_list":["post-3387","post","type-post","status-publish","format-standard","hentry","category-annat","tag-anatomi","tag-barn","tag-bihalor"],"_links":{"self":[{"href":"https:\/\/www.rontgen.com\/wp-doctor\/wp-json\/wp\/v2\/posts\/3387","targetHints":{"allow":["GET"]}}],"collection":[{"href":"https:\/\/www.rontgen.com\/wp-doctor\/wp-json\/wp\/v2\/posts"}],"about":[{"href":"https:\/\/www.rontgen.com\/wp-doctor\/wp-json\/wp\/v2\/types\/post"}],"author":[{"embeddable":true,"href":"https:\/\/www.rontgen.com\/wp-doctor\/wp-json\/wp\/v2\/users\/1"}],"replies":[{"embeddable":true,"href":"https:\/\/www.rontgen.com\/wp-doctor\/wp-json\/wp\/v2\/comments?post=3387"}],"version-history":[{"count":0,"href":"https:\/\/www.rontgen.com\/wp-doctor\/wp-json\/wp\/v2\/posts\/3387\/revisions"}],"wp:attachment":[{"href":"https:\/\/www.rontgen.com\/wp-doctor\/wp-json\/wp\/v2\/media?parent=3387"}],"wp:term":[{"taxonomy":"category","embeddable":true,"href":"https:\/\/www.rontgen.com\/wp-doctor\/wp-json\/wp\/v2\/categories?post=3387"},{"taxonomy":"post_tag","embeddable":true,"href":"https:\/\/www.rontgen.com\/wp-doctor\/wp-json\/wp\/v2\/tags?post=3387"}],"curies":[{"name":"wp","href":"https:\/\/api.w.org\/{rel}","templated":true}]}}