{"id":3382,"date":"2011-02-08T21:25:09","date_gmt":"2011-02-08T20:25:09","guid":{"rendered":"http:\/\/www.rontgen.com\/wp-doctor\/?p=3382"},"modified":"2011-02-08T21:25:40","modified_gmt":"2011-02-08T20:25:40","slug":"harforlangning-och-kontrast-vid-mr","status":"publish","type":"post","link":"https:\/\/www.rontgen.com\/wp-doctor\/harforlangning-och-kontrast-vid-mr","title":{"rendered":"H\u00e5rf\u00f6rl\u00e4ngning och kontrast vid MR"},"content":{"rendered":"<p><img loading=\"lazy\" decoding=\"async\" class=\"alignleft\" style=\"border: 0pt none;\" title=\"Fr\u00e5ga\" src=\"https:\/\/www.rontgen.com\/wp-doctor\/wp-content\/uploads\/2008\/12\/icon_mini_faq.gif\" alt=\"\" width=\"12\" height=\"13\" \/> Jag har f\u00e5tt en tid till magnetr\u00f6ntgen, eftersom jag \u00e4r oerh\u00f6rt n\u00e5lr\u00e4dd och d\u00e4rmed inte kan ta kontrastv\u00e4tska s\u00e5 fick jag magnetr\u00f6ntgen ist\u00e4llet f\u00f6r datortomografi.<br \/>\nJag skall r\u00f6ntga hj\u00e4rnan och se efter om jag f\u00e5tt en hj\u00e4rnbl\u00f6dning f\u00f6r ca 2 \u00e5r sedan. Kommer jag att beh\u00f6va kontrastv\u00e4tska \u00e4nd\u00e5?<br \/>\nJag har h\u00e5rf\u00f6rl\u00e4ngning i \u00f6ver hela huvudet, med \u00e4kta h\u00e5r och f\u00e4stena f\u00f6r h\u00e5ret \u00e4r med enbart keratin vax, allts\u00e5 inget metall. Kommer detta att f\u00f6rsv\u00e5ra bilderna?<\/p>\n<p><img loading=\"lazy\" decoding=\"async\" class=\"alignleft\" style=\"border: 0pt none;\" title=\"Svar\" src=\"https:\/\/www.rontgen.com\/wp-doctor\/wp-content\/uploads\/2008\/12\/icon_mini_register.gif\" alt=\"\" width=\"12\" height=\"13\" \/> Vid enbart den fr\u00e5gest\u00e4llning du angivit, bl\u00f6dning, brukar inte kontrast anv\u00e4ndas. Finns \u00e4ven andra samtida fr\u00e5gest\u00e4llningar s\u00e5 anv\u00e4nder vi ibland kontrastmedel vid unders\u00f6kningen.<br \/>\nOm du vill ha ett definitivt besked om detta \u00e4r det b\u00e4st om du ringer det sjukhus dit du ska.<\/p>\n<p>Vad g\u00e4ller h\u00e5rf\u00f6rl\u00e4ngning s\u00e5 \u00e4r detta inget som st\u00f6r p\u00e5 bilderna.<\/p>\n<p><img loading=\"lazy\" decoding=\"async\" class=\"alignleft\" style=\"border: 0pt none;\" title=\"Svarat av\" src=\"https:\/\/www.rontgen.com\/wp-doctor\/wp-content\/uploads\/2008\/12\/icon_mini_profile.gif\" alt=\"\" width=\"12\" height=\"13\" \/> A-C.A. rtgssk-MR<br \/>\nR\u00f6ntgenavdelningen Helsingborgs lasarett<\/p>\n","protected":false},"excerpt":{"rendered":"<p>Jag har f\u00e5tt en tid till magnetr\u00f6ntgen, eftersom jag \u00e4r oerh\u00f6rt n\u00e5lr\u00e4dd och [&hellip;]<\/p>\n","protected":false},"author":1,"featured_media":0,"comment_status":"open","ping_status":"open","sticky":false,"template":"","format":"standard","meta":{"footnotes":""},"categories":[5],"tags":[38,141,24],"class_list":["post-3382","post","type-post","status-publish","format-standard","hentry","category-mr","tag-kontrast","tag-mr","tag-undersokning"],"_links":{"self":[{"href":"https:\/\/www.rontgen.com\/wp-doctor\/wp-json\/wp\/v2\/posts\/3382","targetHints":{"allow":["GET"]}}],"collection":[{"href":"https:\/\/www.rontgen.com\/wp-doctor\/wp-json\/wp\/v2\/posts"}],"about":[{"href":"https:\/\/www.rontgen.com\/wp-doctor\/wp-json\/wp\/v2\/types\/post"}],"author":[{"embeddable":true,"href":"https:\/\/www.rontgen.com\/wp-doctor\/wp-json\/wp\/v2\/users\/1"}],"replies":[{"embeddable":true,"href":"https:\/\/www.rontgen.com\/wp-doctor\/wp-json\/wp\/v2\/comments?post=3382"}],"version-history":[{"count":0,"href":"https:\/\/www.rontgen.com\/wp-doctor\/wp-json\/wp\/v2\/posts\/3382\/revisions"}],"wp:attachment":[{"href":"https:\/\/www.rontgen.com\/wp-doctor\/wp-json\/wp\/v2\/media?parent=3382"}],"wp:term":[{"taxonomy":"category","embeddable":true,"href":"https:\/\/www.rontgen.com\/wp-doctor\/wp-json\/wp\/v2\/categories?post=3382"},{"taxonomy":"post_tag","embeddable":true,"href":"https:\/\/www.rontgen.com\/wp-doctor\/wp-json\/wp\/v2\/tags?post=3382"}],"curies":[{"name":"wp","href":"https:\/\/api.w.org\/{rel}","templated":true}]}}