{"id":3362,"date":"2011-02-07T16:22:13","date_gmt":"2011-02-07T15:22:13","guid":{"rendered":"http:\/\/www.rontgen.com\/wp-doctor\/?p=3362"},"modified":"2011-02-09T15:39:25","modified_gmt":"2011-02-09T14:39:25","slug":"se-buken-vid-ct-av-lungorna","status":"publish","type":"post","link":"https:\/\/www.rontgen.com\/wp-doctor\/se-buken-vid-ct-av-lungorna","title":{"rendered":"Se buken vid CT av lungorna"},"content":{"rendered":"<p><img loading=\"lazy\" decoding=\"async\" class=\"alignleft\" style=\"border: 0px;\" title=\"Fr\u00e5ga\" src=\"https:\/\/www.rontgen.com\/wp-doctor\/wp-content\/uploads\/2008\/12\/icon_mini_faq.gif\" alt=\"\" width=\"12\" height=\"13\" \/> Gjorde nyligen en skiktr\u00f6ntgen med kontrast p\u00e5 lungorna och jag undrar om man ser andra organ p\u00e5 bilderna. Kan man uppt\u00e4cka tum\u00f6rer? I bukspottsk\u00f6rteln tex?<\/p>\n<div id=\"attachment_3390\" style=\"width: 100px\" class=\"wp-caption alignright\"><a href=\"https:\/\/www.rontgen.com\/wp-doctor\/wp-content\/uploads\/2011\/02\/ct_thorax_ivk_cor_2.jpg\"><img loading=\"lazy\" decoding=\"async\" aria-describedby=\"caption-attachment-3390\" class=\"size-thumbnail wp-image-3390\" title=\"CT-thorax\" src=\"https:\/\/www.rontgen.com\/wp-doctor\/wp-content\/uploads\/2011\/02\/ct_thorax_ivk_cor_2-150x150.jpg\" alt=\"CT-thorax med kontrast\" width=\"90\" height=\"90\" \/><\/a><p id=\"caption-attachment-3390\" class=\"wp-caption-text\">CT-thorax<\/p><\/div>\n<p><img loading=\"lazy\" decoding=\"async\" class=\"alignleft\" style=\"border: 0px;\" title=\"Svar\" src=\"https:\/\/www.rontgen.com\/wp-doctor\/wp-content\/uploads\/2008\/12\/icon_mini_register.gif\" alt=\"\" width=\"12\" height=\"13\" \/> Lungornas nedre gr\u00e4ns \u00e4r diafragman som str\u00e4cker sig ner i en b\u00e5ge bak mot ryggen. Vid en CT-unders\u00f6kning av lungorna ska exakt hela lungan vara med p\u00e5 bild. Detta betyder att man oftast\u00a0f\u00e5r med en stor del av bukens \u00f6vre delar. Gr\u00e4nsen f\u00f6r man brukar kunna se av buken vid bildtagningen av enbart lungorna g\u00e5r ungef\u00e4r\u00a0vid halva levern,\u00a0mags\u00e4cken och mj\u00e4lten. Bukspottk\u00f6rtel och njurar brukar inte komma med p\u00e5 bild. D\u00e5 lungorna \u00e4r syftet med unders\u00f6kningen koncentrerar man s\u00e5ledes att f\u00e5 optimala bilder av dessa.<\/p>\n<p>Vid flertalet fr\u00e5gest\u00e4llningar inkluderas\u00a0\u00e4ven lever och \u00f6vre delen av buken i unders\u00f6kningen av lungorna. Detta d\u00e5 levern ofta visar tecken p\u00e5\u00a0en spridd\u00a0sjukdom.<br \/>\nOm v\u00e5ra radiologer ser n\u00e5got anm\u00e4rkningsv\u00e4rt p\u00e5 delar av \u00f6vriga bukorgan, del av halsen, axlarna,\u00a0som kommer med p\u00e5 bilderna n\u00e4mns givetvis detta i svaret. Detta kan d\u00e5 f\u00f6ranleda en senare kompletterande under\u00f6kning av noterat sk. <em>bifynd<\/em>.<\/p>\n<p><img loading=\"lazy\" decoding=\"async\" class=\"alignleft\" style=\"border: 0px;\" title=\"Svarat av\" src=\"https:\/\/www.rontgen.com\/wp-doctor\/wp-content\/uploads\/2008\/12\/icon_mini_profile.gif\" alt=\"\" width=\"12\" height=\"13\" \/> K.T. rtgssk<br \/>\nR\u00f6ntgenavdelningen Helsingborgs lasarett<\/p>\n","protected":false},"excerpt":{"rendered":"<p>Gjorde nyligen en skiktr\u00f6ntgen med kontrast p\u00e5 lungorna och jag undrar om man [&hellip;]<\/p>\n","protected":false},"author":1,"featured_media":0,"comment_status":"open","ping_status":"open","sticky":false,"template":"","format":"standard","meta":{"footnotes":""},"categories":[6],"tags":[64,142,82,24],"class_list":["post-3362","post","type-post","status-publish","format-standard","hentry","category-ct","tag-bilder","tag-ct","tag-lungor","tag-undersokning"],"_links":{"self":[{"href":"https:\/\/www.rontgen.com\/wp-doctor\/wp-json\/wp\/v2\/posts\/3362","targetHints":{"allow":["GET"]}}],"collection":[{"href":"https:\/\/www.rontgen.com\/wp-doctor\/wp-json\/wp\/v2\/posts"}],"about":[{"href":"https:\/\/www.rontgen.com\/wp-doctor\/wp-json\/wp\/v2\/types\/post"}],"author":[{"embeddable":true,"href":"https:\/\/www.rontgen.com\/wp-doctor\/wp-json\/wp\/v2\/users\/1"}],"replies":[{"embeddable":true,"href":"https:\/\/www.rontgen.com\/wp-doctor\/wp-json\/wp\/v2\/comments?post=3362"}],"version-history":[{"count":0,"href":"https:\/\/www.rontgen.com\/wp-doctor\/wp-json\/wp\/v2\/posts\/3362\/revisions"}],"wp:attachment":[{"href":"https:\/\/www.rontgen.com\/wp-doctor\/wp-json\/wp\/v2\/media?parent=3362"}],"wp:term":[{"taxonomy":"category","embeddable":true,"href":"https:\/\/www.rontgen.com\/wp-doctor\/wp-json\/wp\/v2\/categories?post=3362"},{"taxonomy":"post_tag","embeddable":true,"href":"https:\/\/www.rontgen.com\/wp-doctor\/wp-json\/wp\/v2\/tags?post=3362"}],"curies":[{"name":"wp","href":"https:\/\/api.w.org\/{rel}","templated":true}]}}