{"id":3183,"date":"2011-01-11T16:49:32","date_gmt":"2011-01-11T15:49:32","guid":{"rendered":"http:\/\/www.rontgen.com\/wp-doctor\/?p=3183"},"modified":"2011-01-12T21:45:10","modified_gmt":"2011-01-12T20:45:10","slug":"alder-pa-fraktur","status":"publish","type":"post","link":"https:\/\/www.rontgen.com\/wp-doctor\/alder-pa-fraktur","title":{"rendered":"\u00c5lder p\u00e5 fraktur"},"content":{"rendered":"<p><img loading=\"lazy\" decoding=\"async\" class=\"alignleft\" style=\"border: 0pt none;\" title=\"Fr\u00e5ga\" src=\"https:\/\/www.rontgen.com\/wp-doctor\/wp-content\/uploads\/2008\/12\/icon_mini_faq.gif\" alt=\"\" width=\"12\" height=\"13\" \/> En flickan s\u00e4ger att hon f\u00e5tt en fraktur p\u00e5 okbenet, inga bl\u00e5m\u00e4rken. \u00c4r detta m\u00f6jligt? Hon har tagit r\u00f6ntgen p\u00e5 okbenet och svaret \u00e4r att hon hade en fraktur plus att de inte beh\u00f6ver bli n\u00e5gra bl\u00e5m\u00e4rken. \u00c4r det s\u00e5? Kan hennes skada vara gammal?<\/p>\n<p><img loading=\"lazy\" decoding=\"async\" class=\"alignleft\" style=\"border: 0pt none;\" title=\"Svar\" src=\"https:\/\/www.rontgen.com\/wp-doctor\/wp-content\/uploads\/2008\/12\/icon_mini_register.gif\" alt=\"\" width=\"12\" height=\"13\" \/> Vid frakturerat skelett bildas det ny benv\u00e4vnad, sk. <em>kallus<\/em>. Denna process b\u00f6rjar omedelbart efter skadan d\u00e4r celler klumpar ihop sig som spongi\u00f6s benv\u00e4vnad (brosk) \u00f6ver brottet.<br \/>\nEfter ca. 2 veckor mineraliseras denna brosk till det vi kallar kallus. Det \u00e4r ocks\u00e5 f\u00f6rst d\u00e5 man kan se denna kallus p\u00e5 r\u00f6ntgenbilden.<br \/>\nS\u00e5 en benskada med kallusbildning \u00e4r troligen \u00e4ldre \u00e4n 2-3 veckor. \u00c4r det frakturerade omr\u00e5det ej \u00f6verbyggt av kallus f\u00e5r nog frakturen anses rellativt ny.<br \/>\nDenna frakturkallus f\u00f6rvinner sedan succesivt d\u00e5 benet remodelleras till sitt ursprungliga utseende. Denna &#8221;\u00e5ldersbest\u00e4mning&#8221; beror dock lite p\u00e5 hur skadan \u00e4r samt var skadan sitter&#8230;.<\/p>\n<p><img loading=\"lazy\" decoding=\"async\" class=\"alignleft\" style=\"border: 0pt none;\" title=\"Svarat av\" src=\"https:\/\/www.rontgen.com\/wp-doctor\/wp-content\/uploads\/2008\/12\/icon_mini_profile.gif\" alt=\"\" width=\"12\" height=\"13\" \/> K.T. rtgssk<br \/>\nR\u00f6ntgenavdelningen Helsingborgs lasarett<\/p>\n","protected":false},"excerpt":{"rendered":"<p>En flickan s\u00e4ger att hon f\u00e5tt en fraktur p\u00e5 okbenet, inga bl\u00e5m\u00e4rken. \u00c4r [&hellip;]<\/p>\n","protected":false},"author":1,"featured_media":0,"comment_status":"open","ping_status":"open","sticky":false,"template":"","format":"standard","meta":{"footnotes":""},"categories":[11],"tags":[102,104],"class_list":["post-3183","post","type-post","status-publish","format-standard","hentry","category-annat","tag-fraktur","tag-lakning"],"_links":{"self":[{"href":"https:\/\/www.rontgen.com\/wp-doctor\/wp-json\/wp\/v2\/posts\/3183","targetHints":{"allow":["GET"]}}],"collection":[{"href":"https:\/\/www.rontgen.com\/wp-doctor\/wp-json\/wp\/v2\/posts"}],"about":[{"href":"https:\/\/www.rontgen.com\/wp-doctor\/wp-json\/wp\/v2\/types\/post"}],"author":[{"embeddable":true,"href":"https:\/\/www.rontgen.com\/wp-doctor\/wp-json\/wp\/v2\/users\/1"}],"replies":[{"embeddable":true,"href":"https:\/\/www.rontgen.com\/wp-doctor\/wp-json\/wp\/v2\/comments?post=3183"}],"version-history":[{"count":0,"href":"https:\/\/www.rontgen.com\/wp-doctor\/wp-json\/wp\/v2\/posts\/3183\/revisions"}],"wp:attachment":[{"href":"https:\/\/www.rontgen.com\/wp-doctor\/wp-json\/wp\/v2\/media?parent=3183"}],"wp:term":[{"taxonomy":"category","embeddable":true,"href":"https:\/\/www.rontgen.com\/wp-doctor\/wp-json\/wp\/v2\/categories?post=3183"},{"taxonomy":"post_tag","embeddable":true,"href":"https:\/\/www.rontgen.com\/wp-doctor\/wp-json\/wp\/v2\/tags?post=3183"}],"curies":[{"name":"wp","href":"https:\/\/api.w.org\/{rel}","templated":true}]}}