{"id":2276,"date":"2010-08-13T11:29:19","date_gmt":"2010-08-13T10:29:19","guid":{"rendered":"http:\/\/www.rontgen.com\/wp-doctor\/?p=2276"},"modified":"2010-11-19T13:05:55","modified_gmt":"2010-11-19T12:05:55","slug":"barn-med-vid-rontgen","status":"publish","type":"post","link":"https:\/\/www.rontgen.com\/wp-doctor\/barn-med-vid-rontgen","title":{"rendered":"Barn med vid r\u00f6ntgen"},"content":{"rendered":"<p><img loading=\"lazy\" decoding=\"async\" class=\"alignleft\" title=\"Fr\u00e5ga\" src=\"https:\/\/www.rontgen.com\/wp-doctor\/wp-content\/uploads\/2008\/12\/icon_mini_faq.gif\" alt=\"Fr\u00e5ga\" width=\"12\" height=\"13\" \/> V\u00e5r son gjorde\u00a0CT av huvudet. Jag stod i rummet under tiden, vid fot\u00e4ndan av &#8221;s\u00e4ngen&#8221;. Jag fick ett blyf\u00f6rkl\u00e4de. Min dotter 12 \u00e5r stod bredvid mig, hon fick inget blyf\u00f6rkl\u00e4de. Vi stod i CT-rummet under hela unders\u00f6kningen. Kan min dotter ha tagit skada? Kan hon bli steril eller f\u00e5 sjukdomar?<\/p>\n<p><img loading=\"lazy\" decoding=\"async\" class=\"alignleft\" title=\"Svar\" src=\"https:\/\/www.rontgen.com\/wp-doctor\/wp-content\/uploads\/2008\/12\/icon_mini_register.gif\" alt=\"Svar\" width=\"12\" height=\"13\" \/> Med st\u00f6rsta sannolikhet h\u00e4nder det inget med din dotter.<br \/>\nDet m\u00e5ste p\u00e5 n\u00e5got s\u00e4tt ha blivit ett missf\u00f6rst\u00e5nd. Normalt brukar man inte till\u00e5ta att barn \u00e4r med inne i unders\u00f6kningsrummet n\u00e4r n\u00e5gon anh\u00f6rig r\u00f6ntgenunders\u00f6ks, och tanken var nog att hon skulle ha g\u00e5tt ut eftersom hon inte erbj\u00f6ds n\u00e5got str\u00e5lskyddsf\u00f6rkl\u00e4de.<\/p>\n<p>Risken att hon p\u00e5 n\u00e5got s\u00e4tt skadas \u00e4r i praktiken obefintlig. Men om risken \u00e4r v\u00e4ldigt liten, varf\u00f6r bekymrar man sig d\u00e5 alls om str\u00e5lningsrisker?<br \/>\nMan kan likna det hela med att \u00e5ka bil utan att anv\u00e4nda bilb\u00e4ltet. G\u00f6r man en kort resa p\u00e5 kanske n\u00e5gra hundra meter \u00e4r risken f\u00f6r en trafikolycka v\u00e4ldigt liten, men varf\u00f6r chansa med att inte anv\u00e4nda bilb\u00e4ltet. Samma med str\u00e5lningsrisker f\u00f6r anh\u00f6riga som \u00e4r med vid r\u00f6ntgenunders\u00f6kningar, varf\u00f6r chansa, antingen str\u00e5lskyddsf\u00f6rkl\u00e4de eller s\u00e5 l\u00e4mnar man r\u00f6ntgenrummet d\u00e5 r\u00f6ntgenapparaten str\u00e5lar. Men som sagt, risken \u00e4r v\u00e4ldigt, v\u00e4ldigt liten.<\/p>\n<p><img loading=\"lazy\" decoding=\"async\" class=\"alignleft\" title=\"Svarat av\" src=\"https:\/\/www.rontgen.com\/wp-doctor\/wp-content\/uploads\/2008\/12\/icon_mini_profile.gif\" alt=\"Svarat av\" width=\"12\" height=\"13\" \/> M.O. sjukhusfysiker<br \/>\nR\u00f6ntgenavdelningen Helsingborgs lasarett<\/p>\n","protected":false},"excerpt":{"rendered":"<p>V\u00e5r son gjorde\u00a0CT av huvudet. Jag stod i rummet under tiden, vid fot\u00e4ndan [&hellip;]<\/p>\n","protected":false},"author":1,"featured_media":0,"comment_status":"open","ping_status":"open","sticky":false,"template":"","format":"standard","meta":{"footnotes":""},"categories":[11],"tags":[41,85,142,15],"class_list":["post-2276","post","type-post","status-publish","format-standard","hentry","category-annat","tag-barn","tag-blyskydd","tag-ct","tag-stralning"],"_links":{"self":[{"href":"https:\/\/www.rontgen.com\/wp-doctor\/wp-json\/wp\/v2\/posts\/2276","targetHints":{"allow":["GET"]}}],"collection":[{"href":"https:\/\/www.rontgen.com\/wp-doctor\/wp-json\/wp\/v2\/posts"}],"about":[{"href":"https:\/\/www.rontgen.com\/wp-doctor\/wp-json\/wp\/v2\/types\/post"}],"author":[{"embeddable":true,"href":"https:\/\/www.rontgen.com\/wp-doctor\/wp-json\/wp\/v2\/users\/1"}],"replies":[{"embeddable":true,"href":"https:\/\/www.rontgen.com\/wp-doctor\/wp-json\/wp\/v2\/comments?post=2276"}],"version-history":[{"count":0,"href":"https:\/\/www.rontgen.com\/wp-doctor\/wp-json\/wp\/v2\/posts\/2276\/revisions"}],"wp:attachment":[{"href":"https:\/\/www.rontgen.com\/wp-doctor\/wp-json\/wp\/v2\/media?parent=2276"}],"wp:term":[{"taxonomy":"category","embeddable":true,"href":"https:\/\/www.rontgen.com\/wp-doctor\/wp-json\/wp\/v2\/categories?post=2276"},{"taxonomy":"post_tag","embeddable":true,"href":"https:\/\/www.rontgen.com\/wp-doctor\/wp-json\/wp\/v2\/tags?post=2276"}],"curies":[{"name":"wp","href":"https:\/\/api.w.org\/{rel}","templated":true}]}}