{"id":2192,"date":"2010-07-26T15:04:19","date_gmt":"2010-07-26T14:04:19","guid":{"rendered":"http:\/\/www.rontgen.com\/wp-doctor\/?p=2192"},"modified":"2010-11-19T13:06:48","modified_gmt":"2010-11-19T12:06:48","slug":"gravid","status":"publish","type":"post","link":"https:\/\/www.rontgen.com\/wp-doctor\/gravid","title":{"rendered":"Gravid"},"content":{"rendered":"<p><img loading=\"lazy\" decoding=\"async\" class=\"alignleft size-full wp-image-81\" title=\"Fr\u00e5ga\" src=\"https:\/\/www.rontgen.com\/wp-doctor\/wp-content\/uploads\/2008\/12\/icon_mini_faq.gif\" alt=\"Fr\u00e5ga\" width=\"12\" height=\"13\" \/> V\u00e5r son r\u00f6ntgade benet h\u00e4romdagen, och jag och min sambo h\u00f6ll i honom. Det vi f\u00f6r stunden inte t\u00e4nkte p\u00e5 \u00e4r att min sambo \u00e4r gravid i vecka 9. Det togs 3 bilder p\u00e5 benet, och min sambo hade r\u00f6ntgenf\u00f6rkl\u00e4de p\u00e5. \u00c4r det n\u00e5gon fara f\u00f6r barnet i magen?<\/p>\n<p><img loading=\"lazy\" decoding=\"async\" class=\"alignleft size-full wp-image-85\" title=\"Svar\" src=\"https:\/\/www.rontgen.com\/wp-doctor\/wp-content\/uploads\/2008\/12\/icon_mini_register.gif\" alt=\"Svar\" width=\"12\" height=\"13\" \/> Inga problem, str\u00e5lskyddsf\u00f6rkl\u00e4det ger ett fullgott skydd.<\/p>\n<p><img loading=\"lazy\" decoding=\"async\" class=\"alignleft size-full wp-image-83\" title=\"Svarat av\" src=\"https:\/\/www.rontgen.com\/wp-doctor\/wp-content\/uploads\/2008\/12\/icon_mini_profile.gif\" alt=\"Svarat av\" width=\"12\" height=\"13\" \/> M\u00a0O. sjukhusfysiker<br \/>\nR\u00f6ntgenavdelningen Helsingborgs lasarett<\/p>\n","protected":false},"excerpt":{"rendered":"<p>V\u00e5r son r\u00f6ntgade benet h\u00e4romdagen, och jag och min sambo h\u00f6ll i honom. [&hellip;]<\/p>\n","protected":false},"author":1,"featured_media":0,"comment_status":"open","ping_status":"open","sticky":false,"template":"","format":"standard","meta":{"footnotes":""},"categories":[11],"tags":[85,17,15],"class_list":["post-2192","post","type-post","status-publish","format-standard","hentry","category-annat","tag-blyskydd","tag-graviditet","tag-stralning"],"_links":{"self":[{"href":"https:\/\/www.rontgen.com\/wp-doctor\/wp-json\/wp\/v2\/posts\/2192","targetHints":{"allow":["GET"]}}],"collection":[{"href":"https:\/\/www.rontgen.com\/wp-doctor\/wp-json\/wp\/v2\/posts"}],"about":[{"href":"https:\/\/www.rontgen.com\/wp-doctor\/wp-json\/wp\/v2\/types\/post"}],"author":[{"embeddable":true,"href":"https:\/\/www.rontgen.com\/wp-doctor\/wp-json\/wp\/v2\/users\/1"}],"replies":[{"embeddable":true,"href":"https:\/\/www.rontgen.com\/wp-doctor\/wp-json\/wp\/v2\/comments?post=2192"}],"version-history":[{"count":0,"href":"https:\/\/www.rontgen.com\/wp-doctor\/wp-json\/wp\/v2\/posts\/2192\/revisions"}],"wp:attachment":[{"href":"https:\/\/www.rontgen.com\/wp-doctor\/wp-json\/wp\/v2\/media?parent=2192"}],"wp:term":[{"taxonomy":"category","embeddable":true,"href":"https:\/\/www.rontgen.com\/wp-doctor\/wp-json\/wp\/v2\/categories?post=2192"},{"taxonomy":"post_tag","embeddable":true,"href":"https:\/\/www.rontgen.com\/wp-doctor\/wp-json\/wp\/v2\/tags?post=2192"}],"curies":[{"name":"wp","href":"https:\/\/api.w.org\/{rel}","templated":true}]}}