{"id":2179,"date":"2010-07-27T16:09:42","date_gmt":"2010-07-27T15:09:42","guid":{"rendered":"http:\/\/www.rontgen.com\/wp-doctor\/?p=2179"},"modified":"2010-07-27T22:15:52","modified_gmt":"2010-07-27T21:15:52","slug":"rontgen-vs-mr-vid-bechterews-sjukdom","status":"publish","type":"post","link":"https:\/\/www.rontgen.com\/wp-doctor\/rontgen-vs-mr-vid-bechterews-sjukdom","title":{"rendered":"R\u00f6ntgen vs. MR vid Bechterews sjukdom"},"content":{"rendered":"<p><img loading=\"lazy\" decoding=\"async\" class=\"alignleft size-full wp-image-81\" title=\"Fr\u00e5ga\" src=\"https:\/\/www.rontgen.com\/wp-doctor\/wp-content\/uploads\/2008\/12\/icon_mini_faq.gif\" alt=\"Fr\u00e5ga\" width=\"12\" height=\"13\" \/>\u00a0Min dotter 16 \u00e5r ska g\u00f6ra r\u00f6ntgen av l\u00e4ndrygg och b\u00e4cken pga misst Bechterews.<br \/>\nHon har tidigare gjort r\u00f6ntgen av halsrygg och r\u00f6ntgen av nedre del av rygg samt CT nedre del av rygg\/b\u00e4cken pga dykolycka. L\u00e4karen sa att det \u00e4r sv\u00e5rt att se p\u00e5 r\u00f6ntgen f\u00f6r att diagnostisera den misst sjukdomen och ev m\u00e5ste MR g\u00f6ras.<br \/>\nJag \u00e4r lite orolig med tanke p\u00e5 f\u00f6r mycket str\u00e5lning p\u00e5 en s\u00e5 ung flicka vid hennes fortplantningsorgan. Jag vet att MR \u00e4r dyrare med risken? Ska jag fr\u00e5ga om MR kan g\u00f6ras?<\/p>\n<p><img loading=\"lazy\" decoding=\"async\" class=\"alignleft size-full wp-image-85\" title=\"Svar\" src=\"https:\/\/www.rontgen.com\/wp-doctor\/wp-content\/uploads\/2008\/12\/icon_mini_register.gif\" alt=\"Svar\" width=\"12\" height=\"13\" \/>\u00a0Av din fr\u00e5ga har jag sv\u00e5rt att f\u00f6rst\u00e5 varf\u00f6r man v\u00e4ljer att g\u00f6ra en r\u00f6ntgenunders\u00f6kning om man menar att r\u00f6ntgenunders\u00f6kningen kanske \u00e4r otillr\u00e4cklig f\u00f6r att diagnostisera Bechterews sjukdom. V\u00e4ljer man att g\u00f6ra en r\u00f6ntgenunders\u00f6kning ska man kunna motivera denna med att nyttan med unders\u00f6kningen ska vara st\u00f6rre \u00e4n risken, och nyttan \u00e4r ju i detta fall tveksam. Jag tycker att l\u00e4karen b\u00f6r r\u00e5dfr\u00e5ga sina kollegor p\u00e5 r\u00f6ntgenavdelningen om vad de anser b\u00f6r g\u00f6ras.<\/p>\n<p><img loading=\"lazy\" decoding=\"async\" class=\"alignleft size-full wp-image-83\" title=\"Svarat av\" src=\"https:\/\/www.rontgen.com\/wp-doctor\/wp-content\/uploads\/2008\/12\/icon_mini_profile.gif\" alt=\"Svarat av\" width=\"12\" height=\"13\" \/>\u00a0M.\u00a0O. sjukhusfysiker<br \/>\nR\u00f6ntgenavdelningen Helsingborgs lasarett<\/p>\n","protected":false},"excerpt":{"rendered":"<p>\u00a0Min dotter 16 \u00e5r ska g\u00f6ra r\u00f6ntgen av l\u00e4ndrygg och b\u00e4cken pga misst [&hellip;]<\/p>\n","protected":false},"author":1,"featured_media":0,"comment_status":"open","ping_status":"open","sticky":false,"template":"","format":"standard","meta":{"footnotes":""},"categories":[9],"tags":[41,49,15,24],"class_list":["post-2179","post","type-post","status-publish","format-standard","hentry","category-konventionellrtg","tag-barn","tag-landrygg","tag-stralning","tag-undersokning"],"_links":{"self":[{"href":"https:\/\/www.rontgen.com\/wp-doctor\/wp-json\/wp\/v2\/posts\/2179","targetHints":{"allow":["GET"]}}],"collection":[{"href":"https:\/\/www.rontgen.com\/wp-doctor\/wp-json\/wp\/v2\/posts"}],"about":[{"href":"https:\/\/www.rontgen.com\/wp-doctor\/wp-json\/wp\/v2\/types\/post"}],"author":[{"embeddable":true,"href":"https:\/\/www.rontgen.com\/wp-doctor\/wp-json\/wp\/v2\/users\/1"}],"replies":[{"embeddable":true,"href":"https:\/\/www.rontgen.com\/wp-doctor\/wp-json\/wp\/v2\/comments?post=2179"}],"version-history":[{"count":0,"href":"https:\/\/www.rontgen.com\/wp-doctor\/wp-json\/wp\/v2\/posts\/2179\/revisions"}],"wp:attachment":[{"href":"https:\/\/www.rontgen.com\/wp-doctor\/wp-json\/wp\/v2\/media?parent=2179"}],"wp:term":[{"taxonomy":"category","embeddable":true,"href":"https:\/\/www.rontgen.com\/wp-doctor\/wp-json\/wp\/v2\/categories?post=2179"},{"taxonomy":"post_tag","embeddable":true,"href":"https:\/\/www.rontgen.com\/wp-doctor\/wp-json\/wp\/v2\/tags?post=2179"}],"curies":[{"name":"wp","href":"https:\/\/api.w.org\/{rel}","templated":true}]}}