{"id":2011,"date":"2010-05-25T11:38:13","date_gmt":"2010-05-25T10:38:13","guid":{"rendered":"http:\/\/www.rontgen.com\/wp-doctor\/?p=2011"},"modified":"2010-05-25T11:38:13","modified_gmt":"2010-05-25T10:38:13","slug":"komplikation-vid-undersokningen","status":"publish","type":"post","link":"https:\/\/www.rontgen.com\/wp-doctor\/komplikation-vid-undersokningen","title":{"rendered":"Komplikation vid unders\u00f6kningen"},"content":{"rendered":"<p><a href=\"https:\/\/www.rontgen.com\/wp-doctor\/wp-content\/uploads\/2008\/12\/icon_mini_faq.gif\"><img loading=\"lazy\" decoding=\"async\" class=\"alignleft size-full wp-image-81\" title=\"Fr\u00e5ga\" src=\"https:\/\/www.rontgen.com\/wp-doctor\/wp-content\/uploads\/2008\/12\/icon_mini_faq.gif\" alt=\"Fr\u00e5ga\" width=\"12\" height=\"13\" \/><\/a>\u00a0Jag fick hela rtg kontrast sc.i armen den 21\/4\u00a0<span style=\"color: #ff0000;\">[<\/span> <a title=\"Tidigare inl\u00e4gg\" href=\"https:\/\/www.rontgen.com\/wp-doctor\/?p=1878\" target=\"_self\">se tidigare inl\u00e4gg <\/a><span style=\"color: #ff0000;\">]<\/span>. Min arm,handen och fingrarna var svullna en vecka. Just nu har jag ont i lederna, handen och fingrarna, det domnar p\u00e5 fingrer topparna. Jag \u00e4r mkt tr\u00f6tt i armen varje kv\u00e4ll efter jobbet. Vad tycker ni ? Vad ska jag g\u00f6ra ? Vet ni om man kan f\u00e5 n\u00e5gra men .<\/p>\n<p><a href=\"https:\/\/www.rontgen.com\/wp-doctor\/wp-content\/uploads\/2008\/12\/icon_mini_register.gif\"><img loading=\"lazy\" decoding=\"async\" class=\"alignleft size-full wp-image-85\" title=\"Svar\" src=\"https:\/\/www.rontgen.com\/wp-doctor\/wp-content\/uploads\/2008\/12\/icon_mini_register.gif\" alt=\"Svar\" width=\"12\" height=\"13\" \/><\/a>\u00a0Detta m\u00e5ste du ta upp med din egen doktor. Han\/hon f\u00e5r unders\u00f6ka dig och besluta om behandlingen.<br \/>\nVad som \u00e4ven kan bli aktuellt \u00e4r att du\/din doktor kontaktar <em>patientskaden\u00e4mnden<\/em> d\u00e5 en komplikation uppstod vid en r\u00f6ntgenunders\u00f6kning.<br \/>\nAtt kontakta patientf\u00f6rs\u00e4kringen kan vara viktig om du trots allt f\u00e5r best\u00e5ende men av detta&#8230; vilket vi inte f\u00e5r hoppas.<\/p>\n<p>L\u00e4s med om ers\u00e4ttning enligt patienskadelagen <span style=\"color: #ff0000;\">[<\/span>\u00a0h\u00e4r <span style=\"color: #ff0000;\">]<\/span>.<\/p>\n<p><a href=\"https:\/\/www.rontgen.com\/wp-doctor\/wp-content\/uploads\/2008\/12\/icon_mini_profile.gif\"><img loading=\"lazy\" decoding=\"async\" class=\"alignleft size-full wp-image-83\" title=\"Svarat av\" src=\"https:\/\/www.rontgen.com\/wp-doctor\/wp-content\/uploads\/2008\/12\/icon_mini_profile.gif\" alt=\"Svarat av\" width=\"12\" height=\"13\" \/><\/a>\u00a0K.T. rtgssk<br \/>\nR\u00f6ntgenavdelningen Helsingborgs lasarett<\/p>\n","protected":false},"excerpt":{"rendered":"<p>\u00a0Jag fick hela rtg kontrast sc.i armen den 21\/4\u00a0[ se tidigare inl\u00e4gg ]. [&hellip;]<\/p>\n","protected":false},"author":1,"featured_media":0,"comment_status":"open","ping_status":"open","sticky":false,"template":"","format":"standard","meta":{"footnotes":""},"categories":[11],"tags":[97,38,24],"class_list":["post-2011","post","type-post","status-publish","format-standard","hentry","category-annat","tag-komplikation","tag-kontrast","tag-undersokning"],"_links":{"self":[{"href":"https:\/\/www.rontgen.com\/wp-doctor\/wp-json\/wp\/v2\/posts\/2011","targetHints":{"allow":["GET"]}}],"collection":[{"href":"https:\/\/www.rontgen.com\/wp-doctor\/wp-json\/wp\/v2\/posts"}],"about":[{"href":"https:\/\/www.rontgen.com\/wp-doctor\/wp-json\/wp\/v2\/types\/post"}],"author":[{"embeddable":true,"href":"https:\/\/www.rontgen.com\/wp-doctor\/wp-json\/wp\/v2\/users\/1"}],"replies":[{"embeddable":true,"href":"https:\/\/www.rontgen.com\/wp-doctor\/wp-json\/wp\/v2\/comments?post=2011"}],"version-history":[{"count":0,"href":"https:\/\/www.rontgen.com\/wp-doctor\/wp-json\/wp\/v2\/posts\/2011\/revisions"}],"wp:attachment":[{"href":"https:\/\/www.rontgen.com\/wp-doctor\/wp-json\/wp\/v2\/media?parent=2011"}],"wp:term":[{"taxonomy":"category","embeddable":true,"href":"https:\/\/www.rontgen.com\/wp-doctor\/wp-json\/wp\/v2\/categories?post=2011"},{"taxonomy":"post_tag","embeddable":true,"href":"https:\/\/www.rontgen.com\/wp-doctor\/wp-json\/wp\/v2\/tags?post=2011"}],"curies":[{"name":"wp","href":"https:\/\/api.w.org\/{rel}","templated":true}]}}