{"id":1956,"date":"2010-05-20T07:03:59","date_gmt":"2010-05-20T06:03:59","guid":{"rendered":"http:\/\/www.rontgen.com\/wp-doctor\/?p=1956"},"modified":"2010-05-20T15:47:05","modified_gmt":"2010-05-20T14:47:05","slug":"ms-visas-med-mr","status":"publish","type":"post","link":"https:\/\/www.rontgen.com\/wp-doctor\/ms-visas-med-mr","title":{"rendered":"MS visas med MR"},"content":{"rendered":"<p><img loading=\"lazy\" decoding=\"async\" class=\"alignleft size-full wp-image-81\" title=\"Fr\u00e5ga\" src=\"https:\/\/www.rontgen.com\/wp-doctor\/wp-content\/uploads\/2008\/12\/icon_mini_faq.gif\" alt=\"Fr\u00e5ga\" width=\"12\" height=\"13\" \/>\u00a0Jag har legat inlagd p\u00e5 en rehab avdelning pga de missts\u00e4nkte en bl\u00f6dning, men lyckligtvis s\u00e5 var det \\&#8221;bara\\&#8221; n\u00e5got annat. I h\u00f6stas s\u00e5 blev jag sned i h\u00f6 mun och l\u00e4karna s\u00e4ger nu att det \u00e4r en facialispares. De s\u00e4ger \u00e4ven efter rtg med kontrast och MR att jag inte har haft n\u00e5gon stroke. Ett besked jag \u00e4r mycket glad \u00f6ver, men mina symptom: Har jag f\u00e5tt MS? hade inte l\u00e4karna sett det p\u00e5 r\u00f6ntgen?<\/p>\n<div id=\"attachment_1991\" style=\"width: 100px\" class=\"wp-caption alignright\"><a href=\"https:\/\/www.rontgen.com\/wp-doctor\/wp-content\/uploads\/2010\/05\/mr_skalle_ax_ms.jpg\"><img loading=\"lazy\" decoding=\"async\" aria-describedby=\"caption-attachment-1991\" class=\"size-thumbnail wp-image-1991   \" title=\"MS-plaque\" src=\"https:\/\/www.rontgen.com\/wp-doctor\/wp-content\/uploads\/2010\/05\/mr_skalle_ax_ms-150x150.jpg\" alt=\"MS-plaque\" width=\"90\" height=\"90\" \/><\/a><p id=\"caption-attachment-1991\" class=\"wp-caption-text\">MS-plaque<\/p><\/div>\n<p><img loading=\"lazy\" decoding=\"async\" class=\"alignleft size-full wp-image-85\" title=\"Svar\" src=\"https:\/\/www.rontgen.com\/wp-doctor\/wp-content\/uploads\/2008\/12\/icon_mini_register.gif\" alt=\"Svar\" width=\"12\" height=\"13\" \/>\u00a0MS \u00e4r ju en sjukdom d\u00e4r en demyelinisering sker av nervtr\u00e5darna i hj\u00e4rnan pga. en inflammatorisk process som i botten grundar sig p\u00e5 att kroppens eget immunf\u00f6rsvar ger sig p\u00e5 myelinet. D\u00e5 omr\u00e5den med myelin\u00a0skadas bildas \u00e4rrv\u00e4vnad som kallas sk. plaque. Denna\u00a0\u00e4rrv\u00e4vnad efter\u00a0demyelinisering ser man\u00a0p\u00e5 bilderna fr\u00e5n en MR-unders\u00f6kning. Likas\u00e5 ses den inflamatoriska process som finns i samband med demyeliniseringen.<br \/>\nSedan\u00a0ska ju MR-unders\u00f6kningen ses som ett komplement till de kliniska testerna och labproverna (likvor) f\u00f6r att bekr\u00e4fta eller utesluta en MS-diagnos.<br \/>\nSammanfattningsvis \u00e4r MR en mycket bra unders\u00f6kningsmetod f\u00f6r att diagnostisera olika tillst\u00e5nd i hj\u00e4rnan.<\/p>\n<p><img loading=\"lazy\" decoding=\"async\" class=\"alignleft size-full wp-image-83\" title=\"Svarat av\" src=\"https:\/\/www.rontgen.com\/wp-doctor\/wp-content\/uploads\/2008\/12\/icon_mini_profile.gif\" alt=\"Svarat av\" width=\"12\" height=\"13\" \/>\u00a0K.T. rtgssk<br \/>\nR\u00f6ntgenavdelningen Helsingborgs lasarett<\/p>\n","protected":false},"excerpt":{"rendered":"<p>\u00a0Jag har legat inlagd p\u00e5 en rehab avdelning pga de missts\u00e4nkte en bl\u00f6dning, [&hellip;]<\/p>\n","protected":false},"author":1,"featured_media":0,"comment_status":"open","ping_status":"open","sticky":false,"template":"","format":"standard","meta":{"footnotes":""},"categories":[5],"tags":[141,61,60],"class_list":["post-1956","post","type-post","status-publish","format-standard","hentry","category-mr","tag-mr","tag-ms","tag-skalle"],"_links":{"self":[{"href":"https:\/\/www.rontgen.com\/wp-doctor\/wp-json\/wp\/v2\/posts\/1956","targetHints":{"allow":["GET"]}}],"collection":[{"href":"https:\/\/www.rontgen.com\/wp-doctor\/wp-json\/wp\/v2\/posts"}],"about":[{"href":"https:\/\/www.rontgen.com\/wp-doctor\/wp-json\/wp\/v2\/types\/post"}],"author":[{"embeddable":true,"href":"https:\/\/www.rontgen.com\/wp-doctor\/wp-json\/wp\/v2\/users\/1"}],"replies":[{"embeddable":true,"href":"https:\/\/www.rontgen.com\/wp-doctor\/wp-json\/wp\/v2\/comments?post=1956"}],"version-history":[{"count":0,"href":"https:\/\/www.rontgen.com\/wp-doctor\/wp-json\/wp\/v2\/posts\/1956\/revisions"}],"wp:attachment":[{"href":"https:\/\/www.rontgen.com\/wp-doctor\/wp-json\/wp\/v2\/media?parent=1956"}],"wp:term":[{"taxonomy":"category","embeddable":true,"href":"https:\/\/www.rontgen.com\/wp-doctor\/wp-json\/wp\/v2\/categories?post=1956"},{"taxonomy":"post_tag","embeddable":true,"href":"https:\/\/www.rontgen.com\/wp-doctor\/wp-json\/wp\/v2\/tags?post=1956"}],"curies":[{"name":"wp","href":"https:\/\/api.w.org\/{rel}","templated":true}]}}