{"id":1634,"date":"2010-03-22T10:14:57","date_gmt":"2010-03-22T09:14:57","guid":{"rendered":"http:\/\/www.rontgen.com\/wp-doctor\/?p=1634"},"modified":"2010-03-22T13:46:29","modified_gmt":"2010-03-22T12:46:29","slug":"kolonrontgen","status":"publish","type":"post","link":"https:\/\/www.rontgen.com\/wp-doctor\/kolonrontgen","title":{"rendered":"Kolonr\u00f6ntgen"},"content":{"rendered":"<p><a href=\"https:\/\/www.rontgen.com\/wp-doctor\/wp-content\/uploads\/2008\/12\/icon_mini_faq.gif\"><img loading=\"lazy\" decoding=\"async\" class=\"alignleft size-full wp-image-81\" title=\"Fr\u00e5ga\" src=\"https:\/\/www.rontgen.com\/wp-doctor\/wp-content\/uploads\/2008\/12\/icon_mini_faq.gif\" alt=\"Fr\u00e5ga\" width=\"12\" height=\"13\" \/><\/a>\u00a0Jag skall genomg\u00e5 en colonr\u00f6ntgen med kontrast och luft. F\u00f6r femton \u00e5r sedan hade jag en sv\u00e5r inflammation i buken orsakad av mitt problem. Fem dagar p\u00e5 sjukhus utan mat och jag blev bra. Jag fick kostr\u00e5d och besked att om detta h\u00e4nder igen f\u00e5r jag p\u00e5se p\u00e5 magen. Vid midsommar 2009 fick jag \u00e5terfall och behandlades med antibiotika, f\u00f6re jul 2009 samma sak, i januari 2010 \u00e4nnu en g\u00e5ng. Nu skall jag utredas igen.<br \/>\nEfter mycket om och men kommer vi nu till fr\u00e5gan.<br \/>\nDen Colonr\u00f6ntgen som jag genomgick d\u00e5 var helt obeskrivligt sm\u00e4rtsam. Jag p\u00e5talade detta f\u00f6r min husl\u00e4kare och beg\u00e4rde en CT-Buk eftersom detta enligt all expertis \u00e4r den vanligaste metoden, och \u00e4ven den b\u00e4sta n\u00e4r det g\u00e4ller att hitta divertiklar och eventuell fri luft eller f\u00f6r\u00e4ndringar utanf\u00f6r tarmen.<\/p>\n<p>\u00c4r jag helt ute och cyklar eller har jag \u00e5tmindstonde lite r\u00e4tt??<\/p>\n<p><a href=\"https:\/\/www.rontgen.com\/wp-doctor\/wp-content\/uploads\/2008\/12\/icon_mini_register.gif\"><img loading=\"lazy\" decoding=\"async\" class=\"alignleft size-full wp-image-85\" title=\"Svar\" src=\"https:\/\/www.rontgen.com\/wp-doctor\/wp-content\/uploads\/2008\/12\/icon_mini_register.gif\" alt=\"Svar\" width=\"12\" height=\"13\" \/><\/a>\u00a0CT-buk \u00e4r inte l\u00e4mpad eller avsedd f\u00f6r unders\u00f6kning av tjocktarmen.<br \/>\nVad du nog\u00a0syftar p\u00e5\u00a0\u00e4r en <em>CT-colon<\/em>. Denna speciellt utformade CT-unders\u00f6kning \u00e4r helt inriktad p\u00e5 unders\u00f6kning av tjocktarmen.<br \/>\nMed CT-colon ses tarmens utsida vilket man inte g\u00f6r med konventionell r\u00f6ntgenmetod.<br \/>\nF\u00f6rhoppningsvis har du ingen fri luft i bukh\u00e5lan. Detta tyder p\u00e5 perforation (h\u00e5l) av en tarm vilket \u00e4r ett allvarligt tillst\u00e5nd.<br \/>\nDivertiklar ses lika bra med b\u00e5da metoderna.<\/p>\n<p>Tillv\u00e4gag\u00e5ngs\u00e4ttet f\u00f6r CT-colon p\u00e5minner till stora delar om den konventionella unders\u00f6kningsmetoden f\u00f6r colon. Syftet \u00e4r att f\u00e5 tjocktarmen utsp\u00e4nd vid bildtagningen.<br \/>\nSkillnaden \u00e4r att vid CT-colon anv\u00e4nder vi <em>koldioxid<\/em> ist\u00e4llet f\u00f6r vanlig luft som anv\u00e4nds vid konventionell metod. Koldioxid resorberas av tarmen (upptas av kroppen) vilket inte vanlig luft g\u00f6r. Vanlig luft ska ut samma v\u00e4g som den kom in.<br \/>\nVid CT-colon anv\u00e4nds \u00e4ven kontrastmedel i blodet vilket inte alla patienter kan f\u00e5.<br \/>\nDet diagnostiska resultatet blir dock i stort densamma.<\/p>\n<p>Patienter upplever generellt CT-colon som en humanare unders\u00f6kning. Detta tack vara koldioxiden.<\/p>\n<p><a href=\"https:\/\/www.rontgen.com\/wp-doctor\/wp-content\/uploads\/2008\/12\/icon_mini_profile.gif\"><img loading=\"lazy\" decoding=\"async\" class=\"alignleft size-full wp-image-83\" title=\"Svarat av\" src=\"https:\/\/www.rontgen.com\/wp-doctor\/wp-content\/uploads\/2008\/12\/icon_mini_profile.gif\" alt=\"Svarat av\" width=\"12\" height=\"13\" \/><\/a>\u00a0L.U. \u00f6verl\u00e4kare<br \/>\nR\u00f6ntgenavdelningen Helsingborgs lasarett<\/p>\n","protected":false},"excerpt":{"rendered":"<p>\u00a0Jag skall genomg\u00e5 en colonr\u00f6ntgen med kontrast och luft. F\u00f6r femton \u00e5r sedan [&hellip;]<\/p>\n","protected":false},"author":1,"featured_media":0,"comment_status":"open","ping_status":"open","sticky":false,"template":"","format":"standard","meta":{"footnotes":""},"categories":[9],"tags":[75,24],"class_list":["post-1634","post","type-post","status-publish","format-standard","hentry","category-konventionellrtg","tag-tjocktarm","tag-undersokning"],"_links":{"self":[{"href":"https:\/\/www.rontgen.com\/wp-doctor\/wp-json\/wp\/v2\/posts\/1634","targetHints":{"allow":["GET"]}}],"collection":[{"href":"https:\/\/www.rontgen.com\/wp-doctor\/wp-json\/wp\/v2\/posts"}],"about":[{"href":"https:\/\/www.rontgen.com\/wp-doctor\/wp-json\/wp\/v2\/types\/post"}],"author":[{"embeddable":true,"href":"https:\/\/www.rontgen.com\/wp-doctor\/wp-json\/wp\/v2\/users\/1"}],"replies":[{"embeddable":true,"href":"https:\/\/www.rontgen.com\/wp-doctor\/wp-json\/wp\/v2\/comments?post=1634"}],"version-history":[{"count":0,"href":"https:\/\/www.rontgen.com\/wp-doctor\/wp-json\/wp\/v2\/posts\/1634\/revisions"}],"wp:attachment":[{"href":"https:\/\/www.rontgen.com\/wp-doctor\/wp-json\/wp\/v2\/media?parent=1634"}],"wp:term":[{"taxonomy":"category","embeddable":true,"href":"https:\/\/www.rontgen.com\/wp-doctor\/wp-json\/wp\/v2\/categories?post=1634"},{"taxonomy":"post_tag","embeddable":true,"href":"https:\/\/www.rontgen.com\/wp-doctor\/wp-json\/wp\/v2\/tags?post=1634"}],"curies":[{"name":"wp","href":"https:\/\/api.w.org\/{rel}","templated":true}]}}