{"id":1482,"date":"2010-01-29T14:33:35","date_gmt":"2010-01-29T13:33:35","guid":{"rendered":"http:\/\/www.rontgen.com\/wp-doctor\/?p=1482"},"modified":"2010-01-29T14:34:36","modified_gmt":"2010-01-29T13:34:36","slug":"tander-vid-ct-skalle","status":"publish","type":"post","link":"https:\/\/www.rontgen.com\/wp-doctor\/tander-vid-ct-skalle","title":{"rendered":"T\u00e4nder vid CT-skalle"},"content":{"rendered":"<p><a href=\"https:\/\/www.rontgen.com\/wp-doctor\/wp-content\/uploads\/2008\/12\/icon_mini_faq.gif\"><img loading=\"lazy\" decoding=\"async\" class=\"alignleft size-full wp-image-81\" title=\"Fr\u00e5ga\" src=\"https:\/\/www.rontgen.com\/wp-doctor\/wp-content\/uploads\/2008\/12\/icon_mini_faq.gif\" alt=\"Fr\u00e5ga\" width=\"12\" height=\"13\" \/><\/a>\u00a0Kan CT-r\u00f6ntgen av skallen pga. huvudv\u00e4rk visa om det finns n\u00e5gon inflammation i ex.vis en visdomstand eller m\u00e5ste s\u00e4rskild r\u00f6ntgen g\u00f6ras hos tandl\u00e4kare?<\/p>\n<p><a href=\"https:\/\/www.rontgen.com\/wp-doctor\/wp-content\/uploads\/2008\/12\/icon_mini_register.gif\"><img loading=\"lazy\" decoding=\"async\" class=\"alignleft size-full wp-image-85\" title=\"Svar\" src=\"https:\/\/www.rontgen.com\/wp-doctor\/wp-content\/uploads\/2008\/12\/icon_mini_register.gif\" alt=\"Svar\" width=\"12\" height=\"13\" \/><\/a>\u00a0CT-bilderna p\u00e5 skallen t\u00e4cker inte in t\u00e4nderna. L\u00e4gesbest\u00e4mning, etc.\u00a0av visdomst\u00e4nder m\u00e5ste g\u00f6ras hos tandl\u00e4kare med speciellt projicerade bilder.<\/p>\n<p><a href=\"https:\/\/www.rontgen.com\/wp-doctor\/wp-content\/uploads\/2008\/12\/icon_mini_profile.gif\"><img loading=\"lazy\" decoding=\"async\" class=\"alignleft size-full wp-image-83\" title=\"Svarat av\" src=\"https:\/\/www.rontgen.com\/wp-doctor\/wp-content\/uploads\/2008\/12\/icon_mini_profile.gif\" alt=\"Svarat av\" width=\"12\" height=\"13\" \/><\/a>\u00a0G.O.S. \u00f6vertandl\u00e4kare<br \/>\nR\u00f6ntgenavdelningen Helsingborgs lasarett<\/p>\n","protected":false},"excerpt":{"rendered":"<p>\u00a0Kan CT-r\u00f6ntgen av skallen pga. huvudv\u00e4rk visa om det finns n\u00e5gon inflammation i [&hellip;]<\/p>\n","protected":false},"author":1,"featured_media":0,"comment_status":"open","ping_status":"open","sticky":false,"template":"","format":"standard","meta":{"footnotes":""},"categories":[13],"tags":[142,93,145],"class_list":["post-1482","post","type-post","status-publish","format-standard","hentry","category-tand","tag-ct","tag-tander","tag-teknik"],"_links":{"self":[{"href":"https:\/\/www.rontgen.com\/wp-doctor\/wp-json\/wp\/v2\/posts\/1482","targetHints":{"allow":["GET"]}}],"collection":[{"href":"https:\/\/www.rontgen.com\/wp-doctor\/wp-json\/wp\/v2\/posts"}],"about":[{"href":"https:\/\/www.rontgen.com\/wp-doctor\/wp-json\/wp\/v2\/types\/post"}],"author":[{"embeddable":true,"href":"https:\/\/www.rontgen.com\/wp-doctor\/wp-json\/wp\/v2\/users\/1"}],"replies":[{"embeddable":true,"href":"https:\/\/www.rontgen.com\/wp-doctor\/wp-json\/wp\/v2\/comments?post=1482"}],"version-history":[{"count":0,"href":"https:\/\/www.rontgen.com\/wp-doctor\/wp-json\/wp\/v2\/posts\/1482\/revisions"}],"wp:attachment":[{"href":"https:\/\/www.rontgen.com\/wp-doctor\/wp-json\/wp\/v2\/media?parent=1482"}],"wp:term":[{"taxonomy":"category","embeddable":true,"href":"https:\/\/www.rontgen.com\/wp-doctor\/wp-json\/wp\/v2\/categories?post=1482"},{"taxonomy":"post_tag","embeddable":true,"href":"https:\/\/www.rontgen.com\/wp-doctor\/wp-json\/wp\/v2\/tags?post=1482"}],"curies":[{"name":"wp","href":"https:\/\/api.w.org\/{rel}","templated":true}]}}