{"id":1279,"date":"2009-11-09T09:23:09","date_gmt":"2009-11-09T08:23:09","guid":{"rendered":"http:\/\/www.rontgen.com\/wp-doctor\/?p=1279"},"modified":"2009-11-09T13:26:40","modified_gmt":"2009-11-09T12:26:40","slug":"gravid-vid-rontgen","status":"publish","type":"post","link":"https:\/\/www.rontgen.com\/wp-doctor\/gravid-vid-rontgen","title":{"rendered":"Gravid vid r\u00f6ntgen"},"content":{"rendered":"<p><a href=\"https:\/\/www.rontgen.com\/wp-doctor\/wp-content\/uploads\/2008\/12\/icon_mini_faq.gif\"><img loading=\"lazy\" decoding=\"async\" class=\"alignleft size-full wp-image-81\" title=\"Fr\u00e5ga\" src=\"https:\/\/www.rontgen.com\/wp-doctor\/wp-content\/uploads\/2008\/12\/icon_mini_faq.gif\" alt=\"Fr\u00e5ga\" width=\"12\" height=\"13\" \/><\/a>\u00a0Har varit med min 2-\u00e5rige son n\u00e4r han r\u00f6ntgade sin fot idag. R\u00f6ntgenl\u00e4karen fr\u00e5gade inte om jag var gravid innan vi b\u00f6rjade, s\u00e5 jag var med d\u00e4r inne och hj\u00e4lpte till men anv\u00e4nde f\u00f6rkl\u00e4de. Jag \u00e4r i vecka 13, kan str\u00e5lningen ha skadat fostret p\u00e5 n\u00e5got s\u00e4tt?<\/p>\n<p><a href=\"https:\/\/www.rontgen.com\/wp-doctor\/wp-content\/uploads\/2008\/12\/icon_mini_register.gif\"><img loading=\"lazy\" decoding=\"async\" class=\"alignleft size-full wp-image-85\" title=\"Svar\" src=\"https:\/\/www.rontgen.com\/wp-doctor\/wp-content\/uploads\/2008\/12\/icon_mini_register.gif\" alt=\"Svar\" width=\"12\" height=\"13\" \/><\/a>\u00a0Blyf\u00f6rkl\u00e4det \u00e4r ett fullgot skydd vid r\u00f6ntgen.<br \/>\nR\u00f6ntgen av en fotled ger s\u00e5 pass liten spridd str\u00e5lning att risken, \u00c4VEN UTAN blyskydd, anses vara obefintlig f\u00f6r att ett foster p\u00e5 n\u00e5got s\u00e4tt ska p\u00e5verkas. Nu har du haft blyskydd samt att din graviditet kommit en bit p\u00e5 v\u00e4gen d\u00e4r den mer kritiska tiden har passerats.<br \/>\nS\u00e5&#8230; njut av graviditeten och se fram emot ett syskon!<\/p>\n<p><a href=\"https:\/\/www.rontgen.com\/wp-doctor\/wp-content\/uploads\/2008\/12\/icon_mini_profile.gif\"><img loading=\"lazy\" decoding=\"async\" class=\"alignleft size-full wp-image-83\" title=\"Svarat av\" src=\"https:\/\/www.rontgen.com\/wp-doctor\/wp-content\/uploads\/2008\/12\/icon_mini_profile.gif\" alt=\"Svarat av\" width=\"12\" height=\"13\" \/><\/a>\u00a0K.T. rtgssk<br \/>\nR\u00f6ntgenavdelningen Helsingborgs lasarett<\/p>\n","protected":false},"excerpt":{"rendered":"<p>\u00a0Har varit med min 2-\u00e5rige son n\u00e4r han r\u00f6ntgade sin fot idag. R\u00f6ntgenl\u00e4karen [&hellip;]<\/p>\n","protected":false},"author":1,"featured_media":0,"comment_status":"open","ping_status":"open","sticky":false,"template":"","format":"standard","meta":{"footnotes":""},"categories":[10],"tags":[17,15],"class_list":["post-1279","post","type-post","status-publish","format-standard","hentry","category-teknik","tag-graviditet","tag-stralning"],"_links":{"self":[{"href":"https:\/\/www.rontgen.com\/wp-doctor\/wp-json\/wp\/v2\/posts\/1279","targetHints":{"allow":["GET"]}}],"collection":[{"href":"https:\/\/www.rontgen.com\/wp-doctor\/wp-json\/wp\/v2\/posts"}],"about":[{"href":"https:\/\/www.rontgen.com\/wp-doctor\/wp-json\/wp\/v2\/types\/post"}],"author":[{"embeddable":true,"href":"https:\/\/www.rontgen.com\/wp-doctor\/wp-json\/wp\/v2\/users\/1"}],"replies":[{"embeddable":true,"href":"https:\/\/www.rontgen.com\/wp-doctor\/wp-json\/wp\/v2\/comments?post=1279"}],"version-history":[{"count":0,"href":"https:\/\/www.rontgen.com\/wp-doctor\/wp-json\/wp\/v2\/posts\/1279\/revisions"}],"wp:attachment":[{"href":"https:\/\/www.rontgen.com\/wp-doctor\/wp-json\/wp\/v2\/media?parent=1279"}],"wp:term":[{"taxonomy":"category","embeddable":true,"href":"https:\/\/www.rontgen.com\/wp-doctor\/wp-json\/wp\/v2\/categories?post=1279"},{"taxonomy":"post_tag","embeddable":true,"href":"https:\/\/www.rontgen.com\/wp-doctor\/wp-json\/wp\/v2\/tags?post=1279"}],"curies":[{"name":"wp","href":"https:\/\/api.w.org\/{rel}","templated":true}]}}