{"id":1203,"date":"2009-10-27T16:35:30","date_gmt":"2009-10-27T15:35:30","guid":{"rendered":"http:\/\/www.rontgen.com\/wp-doctor\/?p=1203"},"modified":"2009-11-06T07:56:08","modified_gmt":"2009-11-06T06:56:08","slug":"backenmatning","status":"publish","type":"post","link":"https:\/\/www.rontgen.com\/wp-doctor\/backenmatning","title":{"rendered":"B\u00e4ckenm\u00e4tning"},"content":{"rendered":"<p><a href=\"https:\/\/www.rontgen.com\/wp-doctor\/wp-content\/uploads\/2008\/12\/icon_mini_faq.gif\"><img loading=\"lazy\" decoding=\"async\" class=\"alignleft size-full wp-image-81\" title=\"Fr\u00e5ga\" src=\"https:\/\/www.rontgen.com\/wp-doctor\/wp-content\/uploads\/2008\/12\/icon_mini_faq.gif\" alt=\"Fr\u00e5ga\" width=\"12\" height=\"13\" \/><\/a>\u00a0Jag r\u00e5kade ut f\u00f6r en olycka\u00a0i mitten av 90-talet\u00a0d\u00e4r mitt b\u00e4cken fick tv\u00e5 frakturer. Detta l\u00e4ktes genom att skruvar skruvades in i h\u00f6ftbenkammen p\u00e5 b\u00e5da sidor och i dessa skruvar monterades en st\u00e4llning som fixerade b\u00e4ckenet. Nu \u00e4r jag gravid och d\u00e4rf\u00f6r har mina gamla journaler och r\u00f6ntgenbilder granskats men varken f\u00f6rlossningsl\u00e4kare eller ortoped vill s\u00e4ga om det kommer att g\u00e5 bra med vaginal f\u00f6rlossning eller ej utan att g\u00f6ra en ny r\u00f6ntgen. R\u00f6ntgen av b\u00e4ckenet ska ske i vecka 35. Nu har jag l\u00e4st p\u00e5 om r\u00f6ntgenstr\u00e5lar och f\u00f6rh\u00f6jd risk f\u00f6r cancer f\u00f6r barnet och k\u00e4nner mig mycket fr\u00e5gande till om jag ska genomf\u00f6ra r\u00f6ntgen. \u00d6verv\u00e4ger verkligen nyttan med r\u00f6ntgen och en vaginal f\u00f6rlossning mot riskerna med ett planerat kejsarsnitt?<\/p>\n<p><a href=\"https:\/\/www.rontgen.com\/wp-doctor\/wp-content\/uploads\/2008\/12\/icon_mini_register.gif\"><img loading=\"lazy\" decoding=\"async\" class=\"alignleft size-full wp-image-85\" title=\"Svar\" src=\"https:\/\/www.rontgen.com\/wp-doctor\/wp-content\/uploads\/2008\/12\/icon_mini_register.gif\" alt=\"Svar\" width=\"12\" height=\"13\" \/><\/a>\u00a0En b\u00e4ckenm\u00e4tning i slutet av graviditeten ger en str\u00e5ldos till fostret och modern som motsvarar ungef\u00e4r tv\u00e5 m\u00e5naders naturlig bakgrundsstr\u00e5lning. Med tanke p\u00e5 den l\u00e5ga str\u00e5ldosen anser jag att det motiverat att g\u00f6ra r\u00f6ntgenunders\u00f6kningen.<\/p>\n<p><a href=\"https:\/\/www.rontgen.com\/wp-doctor\/wp-content\/uploads\/2008\/12\/icon_mini_profile.gif\"><img loading=\"lazy\" decoding=\"async\" class=\"alignleft size-full wp-image-83\" title=\"Svarat av\" src=\"https:\/\/www.rontgen.com\/wp-doctor\/wp-content\/uploads\/2008\/12\/icon_mini_profile.gif\" alt=\"Svarat av\" width=\"12\" height=\"13\" \/><\/a>\u00a0M.O. leg. sjukhusfysiker<br \/>\nR\u00f6ntgenavdelningen Helsingborgs lasarett<\/p>\n","protected":false},"excerpt":{"rendered":"<p>\u00a0Jag r\u00e5kade ut f\u00f6r en olycka\u00a0i mitten av 90-talet\u00a0d\u00e4r mitt b\u00e4cken fick tv\u00e5 [&hellip;]<\/p>\n","protected":false},"author":1,"featured_media":0,"comment_status":"open","ping_status":"open","sticky":false,"template":"","format":"standard","meta":{"footnotes":""},"categories":[9],"tags":[17,15],"class_list":["post-1203","post","type-post","status-publish","format-standard","hentry","category-konventionellrtg","tag-graviditet","tag-stralning"],"_links":{"self":[{"href":"https:\/\/www.rontgen.com\/wp-doctor\/wp-json\/wp\/v2\/posts\/1203","targetHints":{"allow":["GET"]}}],"collection":[{"href":"https:\/\/www.rontgen.com\/wp-doctor\/wp-json\/wp\/v2\/posts"}],"about":[{"href":"https:\/\/www.rontgen.com\/wp-doctor\/wp-json\/wp\/v2\/types\/post"}],"author":[{"embeddable":true,"href":"https:\/\/www.rontgen.com\/wp-doctor\/wp-json\/wp\/v2\/users\/1"}],"replies":[{"embeddable":true,"href":"https:\/\/www.rontgen.com\/wp-doctor\/wp-json\/wp\/v2\/comments?post=1203"}],"version-history":[{"count":0,"href":"https:\/\/www.rontgen.com\/wp-doctor\/wp-json\/wp\/v2\/posts\/1203\/revisions"}],"wp:attachment":[{"href":"https:\/\/www.rontgen.com\/wp-doctor\/wp-json\/wp\/v2\/media?parent=1203"}],"wp:term":[{"taxonomy":"category","embeddable":true,"href":"https:\/\/www.rontgen.com\/wp-doctor\/wp-json\/wp\/v2\/categories?post=1203"},{"taxonomy":"post_tag","embeddable":true,"href":"https:\/\/www.rontgen.com\/wp-doctor\/wp-json\/wp\/v2\/tags?post=1203"}],"curies":[{"name":"wp","href":"https:\/\/api.w.org\/{rel}","templated":true}]}}