{"id":1197,"date":"2009-10-23T15:38:56","date_gmt":"2009-10-23T14:38:56","guid":{"rendered":"http:\/\/www.rontgen.com\/wp-doctor\/?p=1197"},"modified":"2009-10-24T11:19:18","modified_gmt":"2009-10-24T10:19:18","slug":"1197","status":"publish","type":"post","link":"https:\/\/www.rontgen.com\/wp-doctor\/1197","title":{"rendered":"\u00d6gonbesv\u00e4r av MR"},"content":{"rendered":"<p><a href=\"https:\/\/www.rontgen.com\/wp-doctor\/wp-content\/uploads\/2008\/12\/icon_mini_faq.gif\"><img loading=\"lazy\" decoding=\"async\" class=\"alignleft size-full wp-image-81\" title=\"Fr\u00e5ga\" src=\"https:\/\/www.rontgen.com\/wp-doctor\/wp-content\/uploads\/2008\/12\/icon_mini_faq.gif\" alt=\"Fr\u00e5ga\" width=\"12\" height=\"13\" \/><\/a>\u00a0Min systerdotter som \u00e4r 6 \u00e5r har idag gjort en magnetr\u00f6ntgen av huvudet. Nu n\u00e4r hon kom hem rinner \u00f6gonen och hon m\u00e5ste ha solglas\u00f6gon i ett m\u00f6rkt rum \u00e4nd\u00e5 \u00e4r det f\u00f6r ljust. Vad har de gjort? Har de f\u00f6rst\u00f6rt \u00f6gonen p\u00e5 henne?<\/p>\n<p><a href=\"https:\/\/www.rontgen.com\/wp-doctor\/wp-content\/uploads\/2008\/12\/icon_mini_register.gif\"><img loading=\"lazy\" decoding=\"async\" class=\"alignleft size-full wp-image-85\" title=\"Svar\" src=\"https:\/\/www.rontgen.com\/wp-doctor\/wp-content\/uploads\/2008\/12\/icon_mini_register.gif\" alt=\"Svar\" width=\"12\" height=\"13\" \/><\/a>\u00a0Det du beskriver \u00e4r en typ av allergisk reaktion\/biverkning av kontrastmedlet som f\u00f6rmodligen anv\u00e4ndes vid MR-unders\u00f6kningen. Ett \u00f6kat t\u00e5rfl\u00f6de och sk. syntr\u00f6tthet \u00e4r biverkningar av vissa MR-kontrastmedel. Dessa reaktioner \u00e4r dock mindre vanliga (i snitt 1 av 100\/1000). \u00c4ven viss \u00f6gonsm\u00e4rta kan f\u00f6rekomma i mycket s\u00e4llsynta fall. Reaktioner av det h\u00e4r slaget\u00a0brukar (ska!) vara relativt snabbt \u00f6verg\u00e5ende.<br \/>\nVid ev. framtida MR-\u00a0 och andra unders\u00f6kningar med kontrastmedel\u00a0ska denna reaktion uppges f\u00f6r v\u00e5rdpersonal.<\/p>\n<p><a href=\"https:\/\/www.rontgen.com\/wp-doctor\/wp-content\/uploads\/2008\/12\/icon_mini_profile.gif\"><img loading=\"lazy\" decoding=\"async\" class=\"alignleft size-full wp-image-83\" title=\"Svarat av\" src=\"https:\/\/www.rontgen.com\/wp-doctor\/wp-content\/uploads\/2008\/12\/icon_mini_profile.gif\" alt=\"Svarat av\" width=\"12\" height=\"13\" \/><\/a>\u00a0K.T. rtgssk<br \/>\nR\u00f6ntgenavdelningen Helsingborgs lasarett<\/p>\n","protected":false},"excerpt":{"rendered":"<p>\u00a0Min systerdotter som \u00e4r 6 \u00e5r har idag gjort en magnetr\u00f6ntgen av huvudet. [&hellip;]<\/p>\n","protected":false},"author":1,"featured_media":0,"comment_status":"open","ping_status":"open","sticky":false,"template":"","format":"standard","meta":{"footnotes":""},"categories":[5],"tags":[87,38,141],"class_list":["post-1197","post","type-post","status-publish","format-standard","hentry","category-mr","tag-biverkning","tag-kontrast","tag-mr"],"_links":{"self":[{"href":"https:\/\/www.rontgen.com\/wp-doctor\/wp-json\/wp\/v2\/posts\/1197","targetHints":{"allow":["GET"]}}],"collection":[{"href":"https:\/\/www.rontgen.com\/wp-doctor\/wp-json\/wp\/v2\/posts"}],"about":[{"href":"https:\/\/www.rontgen.com\/wp-doctor\/wp-json\/wp\/v2\/types\/post"}],"author":[{"embeddable":true,"href":"https:\/\/www.rontgen.com\/wp-doctor\/wp-json\/wp\/v2\/users\/1"}],"replies":[{"embeddable":true,"href":"https:\/\/www.rontgen.com\/wp-doctor\/wp-json\/wp\/v2\/comments?post=1197"}],"version-history":[{"count":0,"href":"https:\/\/www.rontgen.com\/wp-doctor\/wp-json\/wp\/v2\/posts\/1197\/revisions"}],"wp:attachment":[{"href":"https:\/\/www.rontgen.com\/wp-doctor\/wp-json\/wp\/v2\/media?parent=1197"}],"wp:term":[{"taxonomy":"category","embeddable":true,"href":"https:\/\/www.rontgen.com\/wp-doctor\/wp-json\/wp\/v2\/categories?post=1197"},{"taxonomy":"post_tag","embeddable":true,"href":"https:\/\/www.rontgen.com\/wp-doctor\/wp-json\/wp\/v2\/tags?post=1197"}],"curies":[{"name":"wp","href":"https:\/\/api.w.org\/{rel}","templated":true}]}}