{"id":1152,"date":"2009-10-09T15:23:02","date_gmt":"2009-10-09T14:23:02","guid":{"rendered":"http:\/\/www.rontgen.com\/wp-doctor\/?p=1152"},"modified":"2009-10-13T15:27:59","modified_gmt":"2009-10-13T14:27:59","slug":"gravid-rontgen-tandlakare","status":"publish","type":"post","link":"https:\/\/www.rontgen.com\/wp-doctor\/gravid-rontgen-tandlakare","title":{"rendered":"Gravid r\u00f6ntgen tandl\u00e4kare"},"content":{"rendered":"<p><a href=\"https:\/\/www.rontgen.com\/wp-doctor\/wp-content\/uploads\/2008\/12\/icon_mini_faq.gif\"><img loading=\"lazy\" decoding=\"async\" class=\"alignleft size-full wp-image-81\" title=\"Fr\u00e5ga\" src=\"https:\/\/www.rontgen.com\/wp-doctor\/wp-content\/uploads\/2008\/12\/icon_mini_faq.gif\" alt=\"Fr\u00e5ga\" width=\"12\" height=\"13\" \/><\/a>\u00a0Jag var hos tandhygienisten idag och hon tog fyra r\u00f6ntgenbilder p\u00e5 t\u00e4nderna fast hon visste att jag \u00e4r gravid. L\u00e4ste efter\u00e5t att det \u00e4r ok om man f\u00e5r ett speciellt f\u00f6rkl\u00e4de p\u00e5 sig. Det fick jag dock inte utan bara en krage runt halsen. Jag \u00e4r i vecka 24. Kan bebisen ha tagit skada av detta?<\/p>\n<p><a href=\"https:\/\/www.rontgen.com\/wp-doctor\/wp-content\/uploads\/2008\/12\/icon_mini_register.gif\"><img loading=\"lazy\" decoding=\"async\" class=\"alignleft size-full wp-image-85\" title=\"Svar\" src=\"https:\/\/www.rontgen.com\/wp-doctor\/wp-content\/uploads\/2008\/12\/icon_mini_register.gif\" alt=\"Svar\" width=\"12\" height=\"13\" \/><\/a>\u00a0Du har ingen anledning till att bli bekymrad.<br \/>\nDet \u00e4r liten riktad m\u00e4ngd str\u00e5lning du f\u00e5tt. Den ytterst lilla m\u00e4ngd spridda str\u00e5lningen h\u00e4rifr\u00e5n har absolut ingen betydelse f\u00f6r ditt foster.<br \/>\nDet blyskydd du f\u00e5r om halsen \u00e4r ett skydd f\u00f6r sk\u00f6ldk\u00f6rteln som \u00e4r mer k\u00e4nslig f\u00f6r bestr\u00e5lning.<\/p>\n<p><a href=\"https:\/\/www.rontgen.com\/wp-doctor\/wp-content\/uploads\/2008\/12\/icon_mini_profile.gif\"><img loading=\"lazy\" decoding=\"async\" class=\"alignleft size-full wp-image-83\" title=\"Svarat av\" src=\"https:\/\/www.rontgen.com\/wp-doctor\/wp-content\/uploads\/2008\/12\/icon_mini_profile.gif\" alt=\"Svarat av\" width=\"12\" height=\"13\" \/><\/a>\u00a0K.T. rtgssk<br \/>\nR\u00f6ntgenavdelningen Helsingborgs lasarett<\/p>\n","protected":false},"excerpt":{"rendered":"<p>\u00a0Jag var hos tandhygienisten idag och hon tog fyra r\u00f6ntgenbilder p\u00e5 t\u00e4nderna fast [&hellip;]<\/p>\n","protected":false},"author":1,"featured_media":0,"comment_status":"open","ping_status":"open","sticky":false,"template":"","format":"standard","meta":{"footnotes":""},"categories":[11],"tags":[17,15],"class_list":["post-1152","post","type-post","status-publish","format-standard","hentry","category-annat","tag-graviditet","tag-stralning"],"_links":{"self":[{"href":"https:\/\/www.rontgen.com\/wp-doctor\/wp-json\/wp\/v2\/posts\/1152","targetHints":{"allow":["GET"]}}],"collection":[{"href":"https:\/\/www.rontgen.com\/wp-doctor\/wp-json\/wp\/v2\/posts"}],"about":[{"href":"https:\/\/www.rontgen.com\/wp-doctor\/wp-json\/wp\/v2\/types\/post"}],"author":[{"embeddable":true,"href":"https:\/\/www.rontgen.com\/wp-doctor\/wp-json\/wp\/v2\/users\/1"}],"replies":[{"embeddable":true,"href":"https:\/\/www.rontgen.com\/wp-doctor\/wp-json\/wp\/v2\/comments?post=1152"}],"version-history":[{"count":0,"href":"https:\/\/www.rontgen.com\/wp-doctor\/wp-json\/wp\/v2\/posts\/1152\/revisions"}],"wp:attachment":[{"href":"https:\/\/www.rontgen.com\/wp-doctor\/wp-json\/wp\/v2\/media?parent=1152"}],"wp:term":[{"taxonomy":"category","embeddable":true,"href":"https:\/\/www.rontgen.com\/wp-doctor\/wp-json\/wp\/v2\/categories?post=1152"},{"taxonomy":"post_tag","embeddable":true,"href":"https:\/\/www.rontgen.com\/wp-doctor\/wp-json\/wp\/v2\/tags?post=1152"}],"curies":[{"name":"wp","href":"https:\/\/api.w.org\/{rel}","templated":true}]}}