{"id":1067,"date":"2009-09-23T16:42:31","date_gmt":"2009-09-23T15:42:31","guid":{"rendered":"http:\/\/www.rontgen.com\/wp-doctor\/?p=1067"},"modified":"2010-09-24T22:56:14","modified_gmt":"2010-09-24T21:56:14","slug":"tumor-efter-ct","status":"publish","type":"post","link":"https:\/\/www.rontgen.com\/wp-doctor\/tumor-efter-ct","title":{"rendered":"Tum\u00f6r efter CT"},"content":{"rendered":"<p><a href=\"https:\/\/www.rontgen.com\/wp-doctor\/wp-content\/uploads\/2008\/12\/icon_mini_faq.gif\"><img loading=\"lazy\" decoding=\"async\" class=\"alignleft size-full wp-image-81\" title=\"Fr\u00e5ga\" src=\"https:\/\/www.rontgen.com\/wp-doctor\/wp-content\/uploads\/2008\/12\/icon_mini_faq.gif\" alt=\"Fr\u00e5ga\" width=\"12\" height=\"13\" \/><\/a>\u00a0Jag gjorde datortomografi av skallen i \u00e5r 2002 och nu har jag f\u00e5tt tum\u00f6r i benm\u00e4rg. Jag undrar \u00e4r det m\u00f6jligt att tum\u00f6ren kom efter CT r\u00f6ntgen?<\/p>\n<p><a href=\"https:\/\/www.rontgen.com\/wp-doctor\/wp-content\/uploads\/2008\/12\/icon_mini_register.gif\"><img loading=\"lazy\" decoding=\"async\" class=\"alignleft size-full wp-image-85\" title=\"Svar\" src=\"https:\/\/www.rontgen.com\/wp-doctor\/wp-content\/uploads\/2008\/12\/icon_mini_register.gif\" alt=\"Svar\" width=\"12\" height=\"13\" \/><\/a>\u00a0Man kan inte sv\u00e4ra sig fri fr\u00e5n\u00a0orsken till din benm\u00e4rgstum\u00f6r\u00a0men det \u00e4r <em>h\u00f6gst osannolikt<\/em> att det f\u00f6rekommer\u00a0ett samband mellan str\u00e5lningen fr\u00e5n en enskild \u00a0CT-unders\u00f6kning och din idag f\u00f6rekommande sjukdom.<br \/>\nVad g\u00e4ller den CT du gjorde 2002 s\u00e5 m\u00e5ste det redan d\u00e5 funnits indikationer p\u00e5 orsaker\u00a0som f\u00f6ranledning till\u00a0unders\u00f6kningen av hj\u00e4rnan. Letade dom\u00a0patologiska f\u00f6r\u00e4ndringar\u00a0redan d\u00e5\u00a0vilka\u00a0idag \u00e4r orsaken till din benm\u00e4rgstum\u00f6r?<\/p>\n<p><a href=\"https:\/\/www.rontgen.com\/wp-doctor\/wp-content\/uploads\/2008\/12\/icon_mini_profile.gif\"><img loading=\"lazy\" decoding=\"async\" class=\"alignleft size-full wp-image-83\" title=\"Svarat av\" src=\"https:\/\/www.rontgen.com\/wp-doctor\/wp-content\/uploads\/2008\/12\/icon_mini_profile.gif\" alt=\"Svarat av\" width=\"12\" height=\"13\" \/><\/a>\u00a0K.T. rtgssk<br \/>\nR\u00f6ntgenavdelningen Helsingborgs lasarett<\/p>\n","protected":false},"excerpt":{"rendered":"<p>\u00a0Jag gjorde datortomografi av skallen i \u00e5r 2002 och nu har jag f\u00e5tt [&hellip;]<\/p>\n","protected":false},"author":1,"featured_media":0,"comment_status":"open","ping_status":"open","sticky":false,"template":"","format":"standard","meta":{"footnotes":""},"categories":[6],"tags":[74,142,15],"class_list":["post-1067","post","type-post","status-publish","format-standard","hentry","category-ct","tag-cancer","tag-ct","tag-stralning"],"_links":{"self":[{"href":"https:\/\/www.rontgen.com\/wp-doctor\/wp-json\/wp\/v2\/posts\/1067","targetHints":{"allow":["GET"]}}],"collection":[{"href":"https:\/\/www.rontgen.com\/wp-doctor\/wp-json\/wp\/v2\/posts"}],"about":[{"href":"https:\/\/www.rontgen.com\/wp-doctor\/wp-json\/wp\/v2\/types\/post"}],"author":[{"embeddable":true,"href":"https:\/\/www.rontgen.com\/wp-doctor\/wp-json\/wp\/v2\/users\/1"}],"replies":[{"embeddable":true,"href":"https:\/\/www.rontgen.com\/wp-doctor\/wp-json\/wp\/v2\/comments?post=1067"}],"version-history":[{"count":0,"href":"https:\/\/www.rontgen.com\/wp-doctor\/wp-json\/wp\/v2\/posts\/1067\/revisions"}],"wp:attachment":[{"href":"https:\/\/www.rontgen.com\/wp-doctor\/wp-json\/wp\/v2\/media?parent=1067"}],"wp:term":[{"taxonomy":"category","embeddable":true,"href":"https:\/\/www.rontgen.com\/wp-doctor\/wp-json\/wp\/v2\/categories?post=1067"},{"taxonomy":"post_tag","embeddable":true,"href":"https:\/\/www.rontgen.com\/wp-doctor\/wp-json\/wp\/v2\/tags?post=1067"}],"curies":[{"name":"wp","href":"https:\/\/api.w.org\/{rel}","templated":true}]}}